{"id":9816,"date":"2023-03-27T21:00:44","date_gmt":"2023-03-27T19:00:44","guid":{"rendered":"https:\/\/www.api-colomiers.com\/heleneboucher\/?p=9816"},"modified":"2023-03-27T21:00:45","modified_gmt":"2023-03-27T19:00:45","slug":"vide-grenier-de-lecole-inscriptions-en-cours","status":"publish","type":"post","link":"https:\/\/www.api-colomiers.com\/heleneboucher\/vide-grenier-de-lecole-inscriptions-en-cours\/","title":{"rendered":"Vide-Grenier de l&rsquo;\u00e9cole : Inscriptions en cours !"},"content":{"rendered":"\n<div class=\"wp-block-image is-style-default\"><figure class=\"alignright size-full is-resized\"><a href=\"https:\/\/www.api-colomiers.com\/heleneboucher\/wp-content\/uploads\/2019\/09\/vide-grenier-e1568141100833.png\"><img loading=\"lazy\" decoding=\"async\" src=\"https:\/\/www.api-colomiers.com\/heleneboucher\/wp-content\/uploads\/2019\/09\/vide-grenier-e1568141100833.png\" alt=\"\" class=\"wp-image-3975\" width=\"247\" height=\"149\"\/><\/a><\/figure><\/div>\n\n\n\n<p><strong><span class=\"has-inline-color has-vivid-red-color\">Le vide grenier d&rsquo;H\u00e9l\u00e8ne Boucher aura lieu le dimanche 16 avril 2023 !<\/span><\/strong><\/p>\n\n\n\n<p>Les prix des emplacements et le b\u00e9n\u00e9fice de la buvette seront revers\u00e9s au coop\u00e9ratives des \u00e9coles maternelle et \u00e9l\u00e9mentaire pour financer les sorties et projets des \u00e9l\u00e8ves.<\/p>\n\n\n\n<p><span class=\"has-inline-color has-vivid-cyan-blue-color\"><strong>Les inscriptions ont commenc\u00e9 !<\/strong><\/span><\/p>\n\n\n\n<p><strong><a href=\"https:\/\/www.api-colomiers.com\/heleneboucher\/?page_id=756\" target=\"_blank\" rel=\"noreferrer noopener\">TOUTES LES INFORMATIONS ICI<\/a><\/strong><\/p>\n\n\n\n<p><a rel=\"noreferrer noopener\" href=\"https:\/\/www.api-colomiers.com\/heleneboucher\/wp-content\/uploads\/2023\/03\/A4-FLYER-VG-HB-2023-1.pdf\" target=\"_blank\"><strong><span class=\"has-inline-color has-pale-pink-color\">Bulletin d&rsquo;inscription<\/span><\/strong><\/a><\/p>\n\n\n\n<p><span class=\"has-inline-color has-black-color\">Pour toutes questions, nous sommes \u00e0 votre \u00e9coute par mail \u00e0 api.heleneboucher@gmail.com<\/span><\/p>\n","protected":false},"excerpt":{"rendered":"<p>Le vide grenier d&rsquo;H\u00e9l\u00e8ne Boucher aura lieu le dimanche 16 avril 2023 ! Les prix des emplacements et le b\u00e9n\u00e9fice de la buvette seront revers\u00e9s au coop\u00e9ratives des \u00e9coles maternelle et \u00e9l\u00e9mentaire pour financer les sorties et projets des \u00e9l\u00e8ves.<\/p>\n","protected":false},"author":2,"featured_media":0,"comment_status":"closed","ping_status":"open","sticky":false,"template":"","format":"standard","meta":{"footnotes":""},"categories":[15,38,8,20],"tags":[],"class_list":["post-9816","post","type-post","status-publish","format-standard","hentry","category-actions-pe","category-decouverte-activite","category-maternelle","category-primaire"],"_links":{"self":[{"href":"https:\/\/www.api-colomiers.com\/heleneboucher\/wp-json\/wp\/v2\/posts\/9816","targetHints":{"allow":["GET"]}}],"collection":[{"href":"https:\/\/www.api-colomiers.com\/heleneboucher\/wp-json\/wp\/v2\/posts"}],"about":[{"href":"https:\/\/www.api-colomiers.com\/heleneboucher\/wp-json\/wp\/v2\/types\/post"}],"author":[{"embeddable":true,"href":"https:\/\/www.api-colomiers.com\/heleneboucher\/wp-json\/wp\/v2\/users\/2"}],"replies":[{"embeddable":true,"href":"https:\/\/www.api-colomiers.com\/heleneboucher\/wp-json\/wp\/v2\/comments?post=9816"}],"version-history":[{"count":12,"href":"https:\/\/www.api-colomiers.com\/heleneboucher\/wp-json\/wp\/v2\/posts\/9816\/revisions"}],"predecessor-version":[{"id":9845,"href":"https:\/\/www.api-colomiers.com\/heleneboucher\/wp-json\/wp\/v2\/posts\/9816\/revisions\/9845"}],"wp:attachment":[{"href":"https:\/\/www.api-colomiers.com\/heleneboucher\/wp-json\/wp\/v2\/media?parent=9816"}],"wp:term":[{"taxonomy":"category","embeddable":true,"href":"https:\/\/www.api-colomiers.com\/heleneboucher\/wp-json\/wp\/v2\/categories?post=9816"},{"taxonomy":"post_tag","embeddable":true,"href":"https:\/\/www.api-colomiers.com\/heleneboucher\/wp-json\/wp\/v2\/tags?post=9816"}],"curies":[{"name":"wp","href":"https:\/\/api.w.org\/{rel}","templated":true}]}}