{"id":9763,"date":"2023-03-06T18:53:35","date_gmt":"2023-03-06T17:53:35","guid":{"rendered":"https:\/\/www.api-colomiers.com\/heleneboucher\/?p=9763"},"modified":"2023-03-06T18:56:45","modified_gmt":"2023-03-06T17:56:45","slug":"greve-du-mardi-7-mars-2023","status":"publish","type":"post","link":"https:\/\/www.api-colomiers.com\/heleneboucher\/greve-du-mardi-7-mars-2023\/","title":{"rendered":"Gr\u00e8ve du mardi 7 mars 2023"},"content":{"rendered":"\n<div class=\"wp-block-image\"><figure class=\"alignright size-full is-resized\"><a href=\"https:\/\/www.api-colomiers.com\/heleneboucher\/wp-content\/uploads\/2023\/03\/panneau-greve.png\"><img loading=\"lazy\" decoding=\"async\" src=\"https:\/\/www.api-colomiers.com\/heleneboucher\/wp-content\/uploads\/2023\/03\/panneau-greve.png\" alt=\"\" class=\"wp-image-9783\" width=\"115\" height=\"115\" srcset=\"https:\/\/www.api-colomiers.com\/heleneboucher\/wp-content\/uploads\/2023\/03\/panneau-greve.png 225w, https:\/\/www.api-colomiers.com\/heleneboucher\/wp-content\/uploads\/2023\/03\/panneau-greve-150x150.png 150w\" sizes=\"auto, (max-width: 115px) 100vw, 115px\" \/><\/a><\/figure><\/div>\n\n\n\n<p>Voici les informations que nous avons \u00e0 ce jour concernant la gr\u00e8ve de mardi.<br><strong>N\u2019h\u00e9sitez pas \u00e0 nous partager vos infos sur api.heleneboucher@gmail.com<\/strong><\/p>\n\n\n\n<p><strong><span class=\"has-inline-color has-vivid-red-color\">ENSEIGNANTS EN GREVE :<\/span><\/strong><\/p>\n\n\n\n<p><strong><span class=\"has-inline-color has-vivid-purple-color\">Maternelle&nbsp;<\/span><\/strong>:&nbsp;<strong>classe bleue -PS ; classe rouge-PS ; classe orange-MS ; classe jaune-GS.<\/strong><br>Ne seront accueillis sur l\u2019\u00e9cole que les \u00e9l\u00e8ves des enseignantes pr\u00e9sentes.<\/p>\n\n\n\n<p><strong><span class=\"has-inline-color has-pale-pink-color\">El\u00e9mentaire&nbsp;<\/span><\/strong>: <strong>CPb<\/strong>.<\/p>\n\n\n\n<p><strong><span class=\"has-inline-color has-vivid-red-color\">ALAE et CANTINE :<\/span><\/strong><\/p>\n\n\n\n<p><strong><span class=\"has-inline-color has-vivid-purple-color\">Maternelle<\/span><\/strong> : <strong> <\/strong>Ne seront accueillis sur les temps ALAE que les \u00e9l\u00e8ves des enseignantes pr\u00e9sentes.<strong>  <br>Pas de cantine, les enfants doivent apporter un pique-nique froid.<\/strong><\/p>\n\n\n\n<p><strong><span class=\"has-inline-color has-pale-pink-color\">El\u00e9mentaire<\/span><\/strong> :  <strong>Pas d&rsquo;ALAE et pas de cantine.<\/strong><br>Les enfants pr\u00e9sents ce jour l\u00e0 ne seront accueillis que sur les horaires de classe. 8h20-11h30 et 13h30-16h00.<\/p>\n\n\n\n<p>Plus d&rsquo;informations sur le portail famille <a rel=\"noreferrer noopener\" href=\"https:\/\/portailfamille-colomiers.ciril.net\/guard\/login\" target=\"_blank\"><strong>Lien ICI<\/strong><\/a><\/p>\n","protected":false},"excerpt":{"rendered":"<p>Voici les informations que nous avons \u00e0 ce jour concernant la gr\u00e8ve de mardi.N\u2019h\u00e9sitez pas \u00e0 nous partager vos infos sur api.heleneboucher@gmail.com ENSEIGNANTS EN GREVE : Maternelle&nbsp;:&nbsp;classe bleue -PS ; classe rouge-PS ; classe orange-MS ; classe jaune-GS.Ne seront accueillis<\/p>\n","protected":false},"author":2,"featured_media":0,"comment_status":"closed","ping_status":"open","sticky":false,"template":"","format":"standard","meta":{"footnotes":""},"categories":[35,44,8,20],"tags":[],"class_list":["post-9763","post","type-post","status-publish","format-standard","hentry","category-alae","category-centre-de-loisirs","category-maternelle","category-primaire"],"_links":{"self":[{"href":"https:\/\/www.api-colomiers.com\/heleneboucher\/wp-json\/wp\/v2\/posts\/9763","targetHints":{"allow":["GET"]}}],"collection":[{"href":"https:\/\/www.api-colomiers.com\/heleneboucher\/wp-json\/wp\/v2\/posts"}],"about":[{"href":"https:\/\/www.api-colomiers.com\/heleneboucher\/wp-json\/wp\/v2\/types\/post"}],"author":[{"embeddable":true,"href":"https:\/\/www.api-colomiers.com\/heleneboucher\/wp-json\/wp\/v2\/users\/2"}],"replies":[{"embeddable":true,"href":"https:\/\/www.api-colomiers.com\/heleneboucher\/wp-json\/wp\/v2\/comments?post=9763"}],"version-history":[{"count":12,"href":"https:\/\/www.api-colomiers.com\/heleneboucher\/wp-json\/wp\/v2\/posts\/9763\/revisions"}],"predecessor-version":[{"id":9784,"href":"https:\/\/www.api-colomiers.com\/heleneboucher\/wp-json\/wp\/v2\/posts\/9763\/revisions\/9784"}],"wp:attachment":[{"href":"https:\/\/www.api-colomiers.com\/heleneboucher\/wp-json\/wp\/v2\/media?parent=9763"}],"wp:term":[{"taxonomy":"category","embeddable":true,"href":"https:\/\/www.api-colomiers.com\/heleneboucher\/wp-json\/wp\/v2\/categories?post=9763"},{"taxonomy":"post_tag","embeddable":true,"href":"https:\/\/www.api-colomiers.com\/heleneboucher\/wp-json\/wp\/v2\/tags?post=9763"}],"curies":[{"name":"wp","href":"https:\/\/api.w.org\/{rel}","templated":true}]}}