{"id":9711,"date":"2023-03-09T21:19:20","date_gmt":"2023-03-09T20:19:20","guid":{"rendered":"https:\/\/www.api-colomiers.com\/heleneboucher\/?p=9711"},"modified":"2023-03-09T21:19:21","modified_gmt":"2023-03-09T20:19:21","slug":"sortie-festival-press-play-10-au-12-mars-2023","status":"publish","type":"post","link":"https:\/\/www.api-colomiers.com\/heleneboucher\/sortie-festival-press-play-10-au-12-mars-2023\/","title":{"rendered":"Sortie : Festival Press Play &#8211; 10 au 12 mars 2023"},"content":{"rendered":"\n<div class=\"wp-block-image\"><figure class=\"alignleft is-resized\"><img loading=\"lazy\" decoding=\"async\" src=\"https:\/\/www.ville-colomiers.fr\/fileadmin\/_processed_\/4\/b\/csm_AGENDAS_DECAUX-WEEK-END_429124ecbf.png\" alt=\"\" width=\"451\" height=\"662\"\/><\/figure><\/div>\n\n\n\n<p>Pour sa 1\u00e8re \u00e9dition, le <strong><span class=\"has-inline-color has-pale-pink-color\">Festival Press Play<\/span><\/strong> plongera&nbsp;Colomiers dans l&rsquo;image anim\u00e9e pendant 3 jours.<\/p>\n\n\n\n<p><strong>Au programme : films en avant-premi\u00e8re, d\u00e9couvertes vid\u00e9oludiques,&nbsp;rencontres avec des r\u00e9alisateur\u00b7ices et des concepteur\u00b7ices, workshops et spectacles rythmeront le week-end de cette premi\u00e8re \u00e9dition. <\/strong><\/p>\n\n\n\n<p><strong><span class=\"has-inline-color has-vivid-red-color\">Partez \u00e0 la d\u00e9couverte des&nbsp;derni\u00e8res tendances du cin\u00e9ma d&rsquo;animation, du jeu vid\u00e9o et de la cr\u00e9ation num\u00e9rique avec vos enfants.&nbsp;<\/span><\/strong><\/p>\n\n\n\n<p><strong><span class=\"has-inline-color has-luminous-vivid-orange-color\">Spectacles, films et ateliers pour tous !<\/span><\/strong><\/p>\n\n\n\n<p><strong><a href=\"https:\/\/www.ville-colomiers.fr\/mon-quotidien\/culture\/les-festivals\/festival-press-play\/programmation-1763.html\" target=\"_blank\" rel=\"noreferrer noopener\">PROGRAMME ICI<\/a><\/strong><\/p>\n\n\n\n<p><strong><a href=\"https:\/\/www.ville-colomiers.fr\/mon-quotidien\/culture\/les-festivals\/festival-press-play\/programmation\/les-spectacles-1764.html\" target=\"_blank\" rel=\"noreferrer noopener\">DETAIL SPECTACLE ICI<\/a><\/strong><\/p>\n\n\n\n<p><strong><a rel=\"noreferrer noopener\" href=\"https:\/\/www.ville-colomiers.fr\/mon-quotidien\/culture\/les-festivals\/festival-press-play\/infos-pratiques-1768.html\" target=\"_blank\">INFO PRATIQUES ICI<\/a><\/strong><\/p>\n","protected":false},"excerpt":{"rendered":"<p>Pour sa 1\u00e8re \u00e9dition, le Festival Press Play plongera&nbsp;Colomiers dans l&rsquo;image anim\u00e9e pendant 3 jours. Au programme : films en avant-premi\u00e8re, d\u00e9couvertes vid\u00e9oludiques,&nbsp;rencontres avec des r\u00e9alisateur\u00b7ices et des concepteur\u00b7ices, workshops et spectacles rythmeront le week-end de cette premi\u00e8re \u00e9dition. Partez<\/p>\n","protected":false},"author":2,"featured_media":0,"comment_status":"closed","ping_status":"open","sticky":false,"template":"","format":"standard","meta":{"footnotes":""},"categories":[38],"tags":[],"class_list":["post-9711","post","type-post","status-publish","format-standard","hentry","category-decouverte-activite"],"_links":{"self":[{"href":"https:\/\/www.api-colomiers.com\/heleneboucher\/wp-json\/wp\/v2\/posts\/9711","targetHints":{"allow":["GET"]}}],"collection":[{"href":"https:\/\/www.api-colomiers.com\/heleneboucher\/wp-json\/wp\/v2\/posts"}],"about":[{"href":"https:\/\/www.api-colomiers.com\/heleneboucher\/wp-json\/wp\/v2\/types\/post"}],"author":[{"embeddable":true,"href":"https:\/\/www.api-colomiers.com\/heleneboucher\/wp-json\/wp\/v2\/users\/2"}],"replies":[{"embeddable":true,"href":"https:\/\/www.api-colomiers.com\/heleneboucher\/wp-json\/wp\/v2\/comments?post=9711"}],"version-history":[{"count":21,"href":"https:\/\/www.api-colomiers.com\/heleneboucher\/wp-json\/wp\/v2\/posts\/9711\/revisions"}],"predecessor-version":[{"id":9799,"href":"https:\/\/www.api-colomiers.com\/heleneboucher\/wp-json\/wp\/v2\/posts\/9711\/revisions\/9799"}],"wp:attachment":[{"href":"https:\/\/www.api-colomiers.com\/heleneboucher\/wp-json\/wp\/v2\/media?parent=9711"}],"wp:term":[{"taxonomy":"category","embeddable":true,"href":"https:\/\/www.api-colomiers.com\/heleneboucher\/wp-json\/wp\/v2\/categories?post=9711"},{"taxonomy":"post_tag","embeddable":true,"href":"https:\/\/www.api-colomiers.com\/heleneboucher\/wp-json\/wp\/v2\/tags?post=9711"}],"curies":[{"name":"wp","href":"https:\/\/api.w.org\/{rel}","templated":true}]}}