{"id":9580,"date":"2023-01-17T19:39:29","date_gmt":"2023-01-17T18:39:29","guid":{"rendered":"https:\/\/www.api-colomiers.com\/heleneboucher\/?p=9580"},"modified":"2023-01-17T19:40:58","modified_gmt":"2023-01-17T18:40:58","slug":"vos-question-pour-les-prochains-conseils-decole","status":"publish","type":"post","link":"https:\/\/www.api-colomiers.com\/heleneboucher\/vos-question-pour-les-prochains-conseils-decole\/","title":{"rendered":"Vos questions pour les prochains Conseils d&rsquo;\u00e9cole"},"content":{"rendered":"\n<div class=\"wp-block-image\"><figure class=\"alignright is-resized\"><img loading=\"lazy\" decoding=\"async\" src=\"https:\/\/www.podcastfrancaisfacile.com\/wp-content\/uploads\/2006\/09\/questions.jpg\" alt=\"Questions indirectes\" width=\"154\" height=\"95\"\/><\/figure><\/div>\n\n\n\n<p>Les 2nd Conseils d\u2019Ecole de l\u2019ann\u00e9e se d\u00e9rouleront d\u00e9but f\u00e9vrier.&nbsp;<\/p>\n\n\n\n<p><strong><span class=\"has-inline-color has-vivid-red-color\">C\u2019est l\u2019opportunit\u00e9 pour nous, repr\u00e9sentants des parents d\u2019\u00e9l\u00e8ves de faire entendre la voix des parents et des \u00e9l\u00e8ves.<\/span><\/strong><\/p>\n\n\n\n<p id=\"block-e56d030a-38d7-43a6-bc56-5b97f949ff0e\"><span class=\"has-inline-color has-vivid-cyan-blue-color\"><strong>Si vous avez des remarques\/id\u00e9es\/propositions\/questions\u00a0<\/strong>que vous souhaiteriez voir aborder,\u00a0<strong>il suffit de nous les envoyer\u00a0avant le mercredi 05 f\u00e9vrier\u00a02023 par mail \u00e0\u00a0<a rel=\"noreferrer noopener\" href=\"mailto:api.heleneboucher@gmail.com\" target=\"_blank\">api.heleneboucher@gmail.com<\/a><\/strong><\/span> ou de vive voix.<\/p>\n\n\n\n<p id=\"block-11829d9e-efc4-42eb-91fc-31d44a5800c1\"><em>Pour retrouver toutes les \u00e9l\u00e9ments et comptes-rendus des conseils d\u2019\u00e9cole pr\u00e9c\u00e9dents, vous pouvez cliquer <\/em><a rel=\"noreferrer noopener\" href=\"https:\/\/www.api-colomiers.com\/heleneboucher\/?page_id=20\" target=\"_blank\"><strong>ICI<\/strong><\/a><\/p>\n\n\n\n<p><strong>Vos repr\u00e9sentants API Maternelle et El\u00e9mentaire H\u00e9l\u00e8ne Boucher<\/strong><\/p>\n","protected":false},"excerpt":{"rendered":"<p>Les 2nd Conseils d\u2019Ecole de l\u2019ann\u00e9e se d\u00e9rouleront d\u00e9but f\u00e9vrier.&nbsp; C\u2019est l\u2019opportunit\u00e9 pour nous, repr\u00e9sentants des parents d\u2019\u00e9l\u00e8ves de faire entendre la voix des parents et des \u00e9l\u00e8ves. Si vous avez des remarques\/id\u00e9es\/propositions\/questions\u00a0que vous souhaiteriez voir aborder,\u00a0il suffit de nous<\/p>\n","protected":false},"author":2,"featured_media":0,"comment_status":"closed","ping_status":"open","sticky":false,"template":"","format":"standard","meta":{"footnotes":""},"categories":[15,35,8,20],"tags":[],"class_list":["post-9580","post","type-post","status-publish","format-standard","hentry","category-actions-pe","category-alae","category-maternelle","category-primaire"],"_links":{"self":[{"href":"https:\/\/www.api-colomiers.com\/heleneboucher\/wp-json\/wp\/v2\/posts\/9580","targetHints":{"allow":["GET"]}}],"collection":[{"href":"https:\/\/www.api-colomiers.com\/heleneboucher\/wp-json\/wp\/v2\/posts"}],"about":[{"href":"https:\/\/www.api-colomiers.com\/heleneboucher\/wp-json\/wp\/v2\/types\/post"}],"author":[{"embeddable":true,"href":"https:\/\/www.api-colomiers.com\/heleneboucher\/wp-json\/wp\/v2\/users\/2"}],"replies":[{"embeddable":true,"href":"https:\/\/www.api-colomiers.com\/heleneboucher\/wp-json\/wp\/v2\/comments?post=9580"}],"version-history":[{"count":12,"href":"https:\/\/www.api-colomiers.com\/heleneboucher\/wp-json\/wp\/v2\/posts\/9580\/revisions"}],"predecessor-version":[{"id":9593,"href":"https:\/\/www.api-colomiers.com\/heleneboucher\/wp-json\/wp\/v2\/posts\/9580\/revisions\/9593"}],"wp:attachment":[{"href":"https:\/\/www.api-colomiers.com\/heleneboucher\/wp-json\/wp\/v2\/media?parent=9580"}],"wp:term":[{"taxonomy":"category","embeddable":true,"href":"https:\/\/www.api-colomiers.com\/heleneboucher\/wp-json\/wp\/v2\/categories?post=9580"},{"taxonomy":"post_tag","embeddable":true,"href":"https:\/\/www.api-colomiers.com\/heleneboucher\/wp-json\/wp\/v2\/tags?post=9580"}],"curies":[{"name":"wp","href":"https:\/\/api.w.org\/{rel}","templated":true}]}}