{"id":9499,"date":"2022-12-22T22:41:17","date_gmt":"2022-12-22T21:41:17","guid":{"rendered":"https:\/\/www.api-colomiers.com\/heleneboucher\/?p=9499"},"modified":"2022-12-22T22:41:18","modified_gmt":"2022-12-22T21:41:18","slug":"resultats-sondage-rythme-scolaire-comptes-rendu-des-conseils-ecoles-extraordinaires-mater-elem","status":"publish","type":"post","link":"https:\/\/www.api-colomiers.com\/heleneboucher\/resultats-sondage-rythme-scolaire-comptes-rendu-des-conseils-ecoles-extraordinaires-mater-elem\/","title":{"rendered":"R\u00e9sultats Sondage Rythme Scolaire + Comptes Rendu des Conseils Ecoles Extraordinaires Mater\/Elem"},"content":{"rendered":"\n<p><meta charset=\"utf-8\">Nous tenions \u00e0 vous remercier pour votre participation au sondage sur le Rythme Scolaire, vous trouverez ci-dessous le d\u00e9tail des r\u00e9sultats : <\/p>\n\n\n\n<div class=\"wp-block-media-text alignwide is-stacked-on-mobile\" style=\"grid-template-columns:33% auto\"><figure class=\"wp-block-media-text__media\"><img loading=\"lazy\" decoding=\"async\" width=\"1024\" height=\"577\" src=\"https:\/\/www.api-colomiers.com\/heleneboucher\/wp-content\/uploads\/2022\/12\/vignette_resultat_sondage_rythme_scolaire_2022-1024x577.png\" alt=\"\" class=\"wp-image-9503 size-full\" srcset=\"https:\/\/www.api-colomiers.com\/heleneboucher\/wp-content\/uploads\/2022\/12\/vignette_resultat_sondage_rythme_scolaire_2022-1024x577.png 1024w, https:\/\/www.api-colomiers.com\/heleneboucher\/wp-content\/uploads\/2022\/12\/vignette_resultat_sondage_rythme_scolaire_2022-300x169.png 300w, https:\/\/www.api-colomiers.com\/heleneboucher\/wp-content\/uploads\/2022\/12\/vignette_resultat_sondage_rythme_scolaire_2022-768x433.png 768w, https:\/\/www.api-colomiers.com\/heleneboucher\/wp-content\/uploads\/2022\/12\/vignette_resultat_sondage_rythme_scolaire_2022-600x338.png 600w, https:\/\/www.api-colomiers.com\/heleneboucher\/wp-content\/uploads\/2022\/12\/vignette_resultat_sondage_rythme_scolaire_2022-1320x744.png 1320w, https:\/\/www.api-colomiers.com\/heleneboucher\/wp-content\/uploads\/2022\/12\/vignette_resultat_sondage_rythme_scolaire_2022.png 1430w\" sizes=\"auto, (max-width: 1024px) 100vw, 1024px\" \/><\/figure><div class=\"wp-block-media-text__content\">\n<ul class=\"wp-block-list\"><li>&#8211; 90 participants cumul\u00e9s Maternelle et El\u00e9mentaire<\/li><\/ul>\n\n\n\n<ul class=\"wp-block-list\"><li>&#8211; R\u00e9sultat majoritaire pour conserver les horaires actuels (63% Oui)<\/li><\/ul>\n\n\n\n<p><span class=\"has-inline-color has-vivid-purple-color\">C&rsquo;est dans ce sens que les parents repr\u00e9sentants API ont port\u00e9 leurs voix lors Conseils Ecoles Extraordinaire Maternelle et El\u00e9mentaire<\/span><\/p>\n<\/div><\/div>\n\n\n\n<p>Malgr\u00e9 tout,  les r\u00e9sultats finaux en prenant en compte les votes des enseignants lors du vote des Conseils Ecoles sont : <\/p>\n\n\n\n<ul class=\"wp-block-list\"><li><strong><span class=\"has-inline-color has-black-color\">Maternelle<\/span><\/strong> :  <span class=\"has-inline-color has-vivid-red-color\"><strong>r\u00e9gime d\u00e9rogatoire \/ semaine 4 jours <\/strong><\/span><\/li><\/ul>\n\n\n\n<ul class=\"wp-block-list\"><li><strong><span class=\"has-inline-color has-black-color\">El\u00e9mentaire<\/span><\/strong> : <span class=\"has-inline-color has-vivid-red-color\"><strong>r\u00e9gime d\u00e9rogatoire \/ semaine 4 jours <\/strong><\/span><\/li><\/ul>\n\n\n\n<p>Enfin pour rappel, <span class=\"has-inline-color has-vivid-cyan-blue-color\"><strong>la mairie reste cependant d\u00e9cisionnaire du r\u00e9sultat final \u00e0 savoir que les repr\u00e9sentants de la Mairie nous ont tenu informer de vouloir conserver les horaires actuel<\/strong><\/span>s compte tenu de l&rsquo;ensemble des services mis en place autour des \u00e9coles de Colomiers, un changement des horaires demanderait une r\u00e9-organisation compl\u00e8te de l&rsquo;ensemble de ces services (Application du nouveau PEDT, ALAE, Bus Scolaire, Centre de Loisir,&#8230;) <\/p>\n\n\n\n<p><strong>Une communication de la Mairie devrait se faire avec plus de d\u00e9tail lorsque le r\u00e9sultat final sera communiqu\u00e9 en janvier.<\/strong><\/p>\n\n\n\n<p><span class=\"has-inline-color has-vivid-purple-color\"><strong>En attendant, nous restons \u00e0 votre disposition si vous avez des questions ou toute autre remarque : vous pouvez nous contacter par mail \u00e0<\/strong><\/span> <a href=\"mailto:api.colomiers@gmail.com\">api.colomiers@gmail.com<\/a><\/p>\n\n\n\n<h2 class=\"wp-block-heading\">Comptes Rendu Maternelle et El\u00e9mentaire : <\/h2>\n\n\n\n<p><a rel=\"noreferrer noopener\" href=\"https:\/\/www.api-colomiers.com\/heleneboucher\/wp-content\/uploads\/2022\/12\/PV_CE_Exceptionnel_Mater_08122022.pdf\" target=\"_blank\">PV_CE_Exceptionnel_Mater_08122022.pdf<\/a><\/p>\n\n\n\n<p><a rel=\"noreferrer noopener\" href=\"https:\/\/www.api-colomiers.com\/heleneboucher\/wp-content\/uploads\/2022\/12\/PV_CE_Exceptionnel_Elem_12122022.pdf\" target=\"_blank\">PV_CE_Exceptionnel_Elem_12122022.pdf<\/a><\/p>\n\n\n\n<h2 class=\"wp-block-heading\">R\u00e9sultat du sondage Parents : <\/h2>\n\n\n\n<figure class=\"wp-block-gallery columns-3 is-cropped wp-block-gallery-1 is-layout-flex wp-block-gallery-is-layout-flex\"><ul class=\"blocks-gallery-grid\"><li class=\"blocks-gallery-item\"><figure><a href=\"https:\/\/www.api-colomiers.com\/heleneboucher\/wp-content\/uploads\/2022\/12\/resultat_sondage_5.png\"><img loading=\"lazy\" decoding=\"async\" width=\"708\" height=\"607\" src=\"https:\/\/www.api-colomiers.com\/heleneboucher\/wp-content\/uploads\/2022\/12\/resultat_sondage_5.png\" alt=\"\" data-id=\"9509\" data-full-url=\"https:\/\/www.api-colomiers.com\/heleneboucher\/wp-content\/uploads\/2022\/12\/resultat_sondage_5.png\" data-link=\"https:\/\/www.api-colomiers.com\/heleneboucher\/?attachment_id=9509\" class=\"wp-image-9509\" srcset=\"https:\/\/www.api-colomiers.com\/heleneboucher\/wp-content\/uploads\/2022\/12\/resultat_sondage_5.png 708w, https:\/\/www.api-colomiers.com\/heleneboucher\/wp-content\/uploads\/2022\/12\/resultat_sondage_5-300x257.png 300w, https:\/\/www.api-colomiers.com\/heleneboucher\/wp-content\/uploads\/2022\/12\/resultat_sondage_5-600x514.png 600w\" sizes=\"auto, (max-width: 708px) 100vw, 708px\" \/><\/a><\/figure><\/li><li class=\"blocks-gallery-item\"><figure><a href=\"https:\/\/www.api-colomiers.com\/heleneboucher\/wp-content\/uploads\/2022\/12\/resultat_sondage_3.png\"><img loading=\"lazy\" decoding=\"async\" width=\"990\" height=\"595\" src=\"https:\/\/www.api-colomiers.com\/heleneboucher\/wp-content\/uploads\/2022\/12\/resultat_sondage_3.png\" alt=\"\" data-id=\"9507\" data-full-url=\"https:\/\/www.api-colomiers.com\/heleneboucher\/wp-content\/uploads\/2022\/12\/resultat_sondage_3.png\" data-link=\"https:\/\/www.api-colomiers.com\/heleneboucher\/?attachment_id=9507\" class=\"wp-image-9507\" srcset=\"https:\/\/www.api-colomiers.com\/heleneboucher\/wp-content\/uploads\/2022\/12\/resultat_sondage_3.png 990w, https:\/\/www.api-colomiers.com\/heleneboucher\/wp-content\/uploads\/2022\/12\/resultat_sondage_3-300x180.png 300w, https:\/\/www.api-colomiers.com\/heleneboucher\/wp-content\/uploads\/2022\/12\/resultat_sondage_3-768x462.png 768w, https:\/\/www.api-colomiers.com\/heleneboucher\/wp-content\/uploads\/2022\/12\/resultat_sondage_3-600x361.png 600w\" sizes=\"auto, (max-width: 990px) 100vw, 990px\" \/><\/a><\/figure><\/li><li class=\"blocks-gallery-item\"><figure><a href=\"https:\/\/www.api-colomiers.com\/heleneboucher\/wp-content\/uploads\/2022\/12\/resultat_sondage_4.png\"><img loading=\"lazy\" decoding=\"async\" width=\"1024\" height=\"574\" src=\"https:\/\/www.api-colomiers.com\/heleneboucher\/wp-content\/uploads\/2022\/12\/resultat_sondage_4-1024x574.png\" alt=\"\" data-id=\"9508\" data-full-url=\"https:\/\/www.api-colomiers.com\/heleneboucher\/wp-content\/uploads\/2022\/12\/resultat_sondage_4.png\" data-link=\"https:\/\/www.api-colomiers.com\/heleneboucher\/?attachment_id=9508\" class=\"wp-image-9508\" srcset=\"https:\/\/www.api-colomiers.com\/heleneboucher\/wp-content\/uploads\/2022\/12\/resultat_sondage_4-1024x574.png 1024w, https:\/\/www.api-colomiers.com\/heleneboucher\/wp-content\/uploads\/2022\/12\/resultat_sondage_4-300x168.png 300w, https:\/\/www.api-colomiers.com\/heleneboucher\/wp-content\/uploads\/2022\/12\/resultat_sondage_4-768x431.png 768w, https:\/\/www.api-colomiers.com\/heleneboucher\/wp-content\/uploads\/2022\/12\/resultat_sondage_4-600x337.png 600w, https:\/\/www.api-colomiers.com\/heleneboucher\/wp-content\/uploads\/2022\/12\/resultat_sondage_4.png 1057w\" sizes=\"auto, (max-width: 1024px) 100vw, 1024px\" \/><\/a><\/figure><\/li><li class=\"blocks-gallery-item\"><figure><a href=\"https:\/\/www.api-colomiers.com\/heleneboucher\/wp-content\/uploads\/2022\/12\/resultat_sondage_2.png\"><img loading=\"lazy\" decoding=\"async\" width=\"1024\" height=\"532\" src=\"https:\/\/www.api-colomiers.com\/heleneboucher\/wp-content\/uploads\/2022\/12\/resultat_sondage_2-1024x532.png\" alt=\"\" data-id=\"9506\" data-full-url=\"https:\/\/www.api-colomiers.com\/heleneboucher\/wp-content\/uploads\/2022\/12\/resultat_sondage_2.png\" data-link=\"https:\/\/www.api-colomiers.com\/heleneboucher\/?attachment_id=9506\" class=\"wp-image-9506\" srcset=\"https:\/\/www.api-colomiers.com\/heleneboucher\/wp-content\/uploads\/2022\/12\/resultat_sondage_2-1024x532.png 1024w, https:\/\/www.api-colomiers.com\/heleneboucher\/wp-content\/uploads\/2022\/12\/resultat_sondage_2-300x156.png 300w, https:\/\/www.api-colomiers.com\/heleneboucher\/wp-content\/uploads\/2022\/12\/resultat_sondage_2-768x399.png 768w, https:\/\/www.api-colomiers.com\/heleneboucher\/wp-content\/uploads\/2022\/12\/resultat_sondage_2-600x312.png 600w, https:\/\/www.api-colomiers.com\/heleneboucher\/wp-content\/uploads\/2022\/12\/resultat_sondage_2.png 1153w\" sizes=\"auto, (max-width: 1024px) 100vw, 1024px\" \/><\/a><\/figure><\/li><li class=\"blocks-gallery-item\"><figure><a href=\"https:\/\/www.api-colomiers.com\/heleneboucher\/wp-content\/uploads\/2022\/12\/resultat_sondage_1.png\"><img loading=\"lazy\" decoding=\"async\" width=\"1024\" height=\"566\" src=\"https:\/\/www.api-colomiers.com\/heleneboucher\/wp-content\/uploads\/2022\/12\/resultat_sondage_1-1024x566.png\" alt=\"\" data-id=\"9505\" data-full-url=\"https:\/\/www.api-colomiers.com\/heleneboucher\/wp-content\/uploads\/2022\/12\/resultat_sondage_1.png\" data-link=\"https:\/\/www.api-colomiers.com\/heleneboucher\/?attachment_id=9505\" class=\"wp-image-9505\" srcset=\"https:\/\/www.api-colomiers.com\/heleneboucher\/wp-content\/uploads\/2022\/12\/resultat_sondage_1-1024x566.png 1024w, https:\/\/www.api-colomiers.com\/heleneboucher\/wp-content\/uploads\/2022\/12\/resultat_sondage_1-300x166.png 300w, https:\/\/www.api-colomiers.com\/heleneboucher\/wp-content\/uploads\/2022\/12\/resultat_sondage_1-768x424.png 768w, https:\/\/www.api-colomiers.com\/heleneboucher\/wp-content\/uploads\/2022\/12\/resultat_sondage_1-600x331.png 600w, https:\/\/www.api-colomiers.com\/heleneboucher\/wp-content\/uploads\/2022\/12\/resultat_sondage_1.png 1144w\" sizes=\"auto, (max-width: 1024px) 100vw, 1024px\" \/><\/a><\/figure><\/li><\/ul><\/figure>\n","protected":false},"excerpt":{"rendered":"<p>Nous tenions \u00e0 vous remercier pour votre participation au sondage sur le Rythme Scolaire, vous trouverez ci-dessous le d\u00e9tail des r\u00e9sultats : &#8211; 90 participants cumul\u00e9s Maternelle et El\u00e9mentaire &#8211; R\u00e9sultat majoritaire pour conserver les horaires actuels (63% Oui) C&rsquo;est<\/p>\n","protected":false},"author":2,"featured_media":0,"comment_status":"closed","ping_status":"open","sticky":false,"template":"","format":"standard","meta":{"footnotes":""},"categories":[36,8,20],"tags":[],"class_list":["post-9499","post","type-post","status-publish","format-standard","hentry","category-conseils-de-parents","category-maternelle","category-primaire"],"_links":{"self":[{"href":"https:\/\/www.api-colomiers.com\/heleneboucher\/wp-json\/wp\/v2\/posts\/9499","targetHints":{"allow":["GET"]}}],"collection":[{"href":"https:\/\/www.api-colomiers.com\/heleneboucher\/wp-json\/wp\/v2\/posts"}],"about":[{"href":"https:\/\/www.api-colomiers.com\/heleneboucher\/wp-json\/wp\/v2\/types\/post"}],"author":[{"embeddable":true,"href":"https:\/\/www.api-colomiers.com\/heleneboucher\/wp-json\/wp\/v2\/users\/2"}],"replies":[{"embeddable":true,"href":"https:\/\/www.api-colomiers.com\/heleneboucher\/wp-json\/wp\/v2\/comments?post=9499"}],"version-history":[{"count":4,"href":"https:\/\/www.api-colomiers.com\/heleneboucher\/wp-json\/wp\/v2\/posts\/9499\/revisions"}],"predecessor-version":[{"id":9512,"href":"https:\/\/www.api-colomiers.com\/heleneboucher\/wp-json\/wp\/v2\/posts\/9499\/revisions\/9512"}],"wp:attachment":[{"href":"https:\/\/www.api-colomiers.com\/heleneboucher\/wp-json\/wp\/v2\/media?parent=9499"}],"wp:term":[{"taxonomy":"category","embeddable":true,"href":"https:\/\/www.api-colomiers.com\/heleneboucher\/wp-json\/wp\/v2\/categories?post=9499"},{"taxonomy":"post_tag","embeddable":true,"href":"https:\/\/www.api-colomiers.com\/heleneboucher\/wp-json\/wp\/v2\/tags?post=9499"}],"curies":[{"name":"wp","href":"https:\/\/api.w.org\/{rel}","templated":true}]}}