{"id":9485,"date":"2022-11-23T21:44:30","date_gmt":"2022-11-23T20:44:30","guid":{"rendered":"https:\/\/www.api-colomiers.com\/heleneboucher\/?p=9485"},"modified":"2022-11-23T21:46:41","modified_gmt":"2022-11-23T20:46:41","slug":"reservation-centre-de-loisirs-vacances-de-noel","status":"publish","type":"post","link":"https:\/\/www.api-colomiers.com\/heleneboucher\/reservation-centre-de-loisirs-vacances-de-noel\/","title":{"rendered":"R\u00e9servation Centre de Loisirs &#8211; Vacances de No\u00ebl"},"content":{"rendered":"\n<div class=\"wp-block-image is-style-rounded\"><figure class=\"alignleft is-resized\"><img loading=\"lazy\" decoding=\"async\" src=\"https:\/\/www.cdiscount.com\/pdt2\/3\/6\/4\/1\/700x700\/auc1228758484364\/rw\/feutre-arbre-de-noel-ensemble-arbre-de-noel-feutr.jpg\" alt=\"\" width=\"103\" height=\"103\"\/><\/figure><\/div>\n\n\n\n<p>Les inscriptions au Centre de Loisirs du Cabirol<strong>&nbsp;pour les vacances de No\u00ebl 2022<\/strong>&nbsp;sont ouvertes&nbsp;<strong>jusqu\u2019au 1er d\u00e9cembre 2022<\/strong>&nbsp;sur le<strong>&nbsp;<a rel=\"noreferrer noopener\" href=\"https:\/\/portailfamille-colomiers.ciril.net\/guard\/login\" target=\"_blank\">Portail Famille<\/a>.<\/strong><\/p>\n\n\n\n<p>Le centre de loisirs sera ouvert entre le 19 et le 30 d\u00e9cembre 2022, ainsi que la journ\u00e9e du lundi 2 janvier 2023.<\/p>\n\n\n\n<p><strong>Les enfants sont tous accueillis sur le centre du Cabirol.<\/strong><\/p>\n\n\n\n<p>Retrouvez toutes les dates<strong>\u00a0<\/strong>et les documents dans la\u00a0<a rel=\"noreferrer noopener\" href=\"https:\/\/portailfamille-colomiers.ciril.net\/documents\" target=\"_blank\"><strong>Base Documentaire du Portail Famille<\/strong>.<\/a><\/p>\n","protected":false},"excerpt":{"rendered":"<p>Les inscriptions au Centre de Loisirs du Cabirol&nbsp;pour les vacances de No\u00ebl 2022&nbsp;sont ouvertes&nbsp;jusqu\u2019au 1er d\u00e9cembre 2022&nbsp;sur le&nbsp;Portail Famille. Le centre de loisirs sera ouvert entre le 19 et le 30 d\u00e9cembre 2022, ainsi que la journ\u00e9e du lundi 2<\/p>\n","protected":false},"author":2,"featured_media":0,"comment_status":"closed","ping_status":"open","sticky":false,"template":"","format":"standard","meta":{"footnotes":""},"categories":[44],"tags":[],"class_list":["post-9485","post","type-post","status-publish","format-standard","hentry","category-centre-de-loisirs"],"_links":{"self":[{"href":"https:\/\/www.api-colomiers.com\/heleneboucher\/wp-json\/wp\/v2\/posts\/9485","targetHints":{"allow":["GET"]}}],"collection":[{"href":"https:\/\/www.api-colomiers.com\/heleneboucher\/wp-json\/wp\/v2\/posts"}],"about":[{"href":"https:\/\/www.api-colomiers.com\/heleneboucher\/wp-json\/wp\/v2\/types\/post"}],"author":[{"embeddable":true,"href":"https:\/\/www.api-colomiers.com\/heleneboucher\/wp-json\/wp\/v2\/users\/2"}],"replies":[{"embeddable":true,"href":"https:\/\/www.api-colomiers.com\/heleneboucher\/wp-json\/wp\/v2\/comments?post=9485"}],"version-history":[{"count":4,"href":"https:\/\/www.api-colomiers.com\/heleneboucher\/wp-json\/wp\/v2\/posts\/9485\/revisions"}],"predecessor-version":[{"id":9492,"href":"https:\/\/www.api-colomiers.com\/heleneboucher\/wp-json\/wp\/v2\/posts\/9485\/revisions\/9492"}],"wp:attachment":[{"href":"https:\/\/www.api-colomiers.com\/heleneboucher\/wp-json\/wp\/v2\/media?parent=9485"}],"wp:term":[{"taxonomy":"category","embeddable":true,"href":"https:\/\/www.api-colomiers.com\/heleneboucher\/wp-json\/wp\/v2\/categories?post=9485"},{"taxonomy":"post_tag","embeddable":true,"href":"https:\/\/www.api-colomiers.com\/heleneboucher\/wp-json\/wp\/v2\/tags?post=9485"}],"curies":[{"name":"wp","href":"https:\/\/api.w.org\/{rel}","templated":true}]}}