{"id":935,"date":"2016-05-18T18:58:21","date_gmt":"2016-05-18T18:58:21","guid":{"rendered":"http:\/\/www.api-colomiers.com\/heleneboucher\/?p=935"},"modified":"2016-05-18T18:58:21","modified_gmt":"2016-05-18T18:58:21","slug":"conference-sur-leducation-bienveillante","status":"publish","type":"post","link":"https:\/\/www.api-colomiers.com\/heleneboucher\/conference-sur-leducation-bienveillante\/","title":{"rendered":"Conf\u00e9rence sur l&rsquo;\u00e9ducation bienveillante"},"content":{"rendered":"<p style=\"text-align: justify;\"><a href=\"https:\/\/www.api-colomiers.com\/heleneboucher\/wp-content\/uploads\/2016\/05\/IMG_3974.jpg\"><img loading=\"lazy\" decoding=\"async\" class=\" size-medium wp-image-936 alignleft\" src=\"https:\/\/www.api-colomiers.com\/heleneboucher\/wp-content\/uploads\/2016\/05\/IMG_3974-300x165.jpg\" alt=\"IMG_3974\" width=\"300\" height=\"165\" srcset=\"https:\/\/www.api-colomiers.com\/heleneboucher\/wp-content\/uploads\/2016\/05\/IMG_3974-300x165.jpg 300w, https:\/\/www.api-colomiers.com\/heleneboucher\/wp-content\/uploads\/2016\/05\/IMG_3974-1024x562.jpg 1024w, https:\/\/www.api-colomiers.com\/heleneboucher\/wp-content\/uploads\/2016\/05\/IMG_3974-600x329.jpg 600w, https:\/\/www.api-colomiers.com\/heleneboucher\/wp-content\/uploads\/2016\/05\/IMG_3974.jpg 1534w\" sizes=\"auto, (max-width: 300px) 100vw, 300px\" \/><\/a>C&rsquo;\u00e9tait une premi\u00e8re pour l&rsquo;\u00e9quipe de l&rsquo;API-Colomiers. Organiser une conf\u00e9rence sur la parentalit\u00e9 positive faisait partie des th\u00e9matiques partag\u00e9es en r\u00e9union depuis plusieurs mois. C&rsquo;est une belle ouverture pour notre engagement de parents d&rsquo;\u00e9l\u00e8ves. Notre action trouve tout \u00e0 fait sa place dans l&rsquo;encouragement \u00e0 pratiquer un mod\u00e8le \u00e9ducatif bas\u00e9 sur l&#8217;empathie avec les enfants et l&rsquo;instauration de limites dans un climat d&rsquo;\u00e9change. C&rsquo;est une ambition que nombre de professionnels de l&rsquo;enfance (enseignants, \u00e9ducateurs, assistantes maternelles&#8230;) partagent.<\/p>\n<p style=\"text-align: justify;\">Hier soir, une cinquantaine de participants, tr\u00e8s attentifs et participatifs, ont \u00e9cout\u00e9 les conseils et concepts d&rsquo;Elizabeth Clerc, du Centre de ressources sur la non-violence : autonomie et autorit\u00e9, sanction\/punition, accueil de son \u00e9motion et de celle de l&rsquo;enfant&#8230; Les questions pendant le temps d&rsquo;\u00e9change auraient donn\u00e9 sujet \u00e0 discussion pour plusieurs heures&#8230; preuve de l&rsquo;int\u00e9r\u00eat de la d\u00e9marche.<\/p>\n<p style=\"text-align: justify;\">Nous remercions \u00e0 nouveau sinc\u00e8rement Elizabeth pour sa participation, la mairie de Colomiers pour le pr\u00eat de la salle, et la librairie La Pr\u00e9face pour sa pr\u00e9sence bienvenue (le stand de vente de livres n&rsquo;a pas d\u00e9sempli!).<\/p>\n<p style=\"text-align: justify;\">L&rsquo;\u00e9quipe API<\/p>\n","protected":false},"excerpt":{"rendered":"<p>C&rsquo;\u00e9tait une premi\u00e8re pour l&rsquo;\u00e9quipe de l&rsquo;API-Colomiers. Organiser une conf\u00e9rence sur la parentalit\u00e9 positive faisait partie des th\u00e9matiques partag\u00e9es en r\u00e9union depuis plusieurs mois. C&rsquo;est une belle ouverture pour notre engagement de parents d&rsquo;\u00e9l\u00e8ves. Notre action trouve tout \u00e0 fait<\/p>\n","protected":false},"author":2,"featured_media":0,"comment_status":"closed","ping_status":"closed","sticky":false,"template":"","format":"standard","meta":{"footnotes":""},"categories":[15,36],"tags":[],"class_list":["post-935","post","type-post","status-publish","format-standard","hentry","category-actions-pe","category-conseils-de-parents"],"_links":{"self":[{"href":"https:\/\/www.api-colomiers.com\/heleneboucher\/wp-json\/wp\/v2\/posts\/935","targetHints":{"allow":["GET"]}}],"collection":[{"href":"https:\/\/www.api-colomiers.com\/heleneboucher\/wp-json\/wp\/v2\/posts"}],"about":[{"href":"https:\/\/www.api-colomiers.com\/heleneboucher\/wp-json\/wp\/v2\/types\/post"}],"author":[{"embeddable":true,"href":"https:\/\/www.api-colomiers.com\/heleneboucher\/wp-json\/wp\/v2\/users\/2"}],"replies":[{"embeddable":true,"href":"https:\/\/www.api-colomiers.com\/heleneboucher\/wp-json\/wp\/v2\/comments?post=935"}],"version-history":[{"count":0,"href":"https:\/\/www.api-colomiers.com\/heleneboucher\/wp-json\/wp\/v2\/posts\/935\/revisions"}],"wp:attachment":[{"href":"https:\/\/www.api-colomiers.com\/heleneboucher\/wp-json\/wp\/v2\/media?parent=935"}],"wp:term":[{"taxonomy":"category","embeddable":true,"href":"https:\/\/www.api-colomiers.com\/heleneboucher\/wp-json\/wp\/v2\/categories?post=935"},{"taxonomy":"post_tag","embeddable":true,"href":"https:\/\/www.api-colomiers.com\/heleneboucher\/wp-json\/wp\/v2\/tags?post=935"}],"curies":[{"name":"wp","href":"https:\/\/api.w.org\/{rel}","templated":true}]}}