{"id":8875,"date":"2022-06-03T02:29:24","date_gmt":"2022-06-03T00:29:24","guid":{"rendered":"https:\/\/www.api-colomiers.com\/heleneboucher\/?p=8875"},"modified":"2022-06-03T02:29:25","modified_gmt":"2022-06-03T00:29:25","slug":"vendredi-3-juin-tous-a-velo-pour-la-journee-mondiale-de-la-bicyclette","status":"publish","type":"post","link":"https:\/\/www.api-colomiers.com\/heleneboucher\/vendredi-3-juin-tous-a-velo-pour-la-journee-mondiale-de-la-bicyclette\/","title":{"rendered":"vendredi 3 juin : Tous \u00e0 v\u00e9lo pour la journ\u00e9e mondiale de la bicyclette !"},"content":{"rendered":"\n<div class=\"wp-block-media-text alignwide has-media-on-the-right is-stacked-on-mobile is-vertically-aligned-top\" style=\"grid-template-columns:auto 47%\"><figure class=\"wp-block-media-text__media\"><a href=\"https:\/\/www.api-colomiers.com\/heleneboucher\/wp-content\/uploads\/2022\/06\/tweet-velo.jpg\"><img loading=\"lazy\" decoding=\"async\" width=\"1024\" height=\"585\" src=\"https:\/\/www.api-colomiers.com\/heleneboucher\/wp-content\/uploads\/2022\/06\/tweet-velo.jpg\" alt=\"\" class=\"wp-image-8876 size-full\" srcset=\"https:\/\/www.api-colomiers.com\/heleneboucher\/wp-content\/uploads\/2022\/06\/tweet-velo.jpg 1024w, https:\/\/www.api-colomiers.com\/heleneboucher\/wp-content\/uploads\/2022\/06\/tweet-velo-300x171.jpg 300w, https:\/\/www.api-colomiers.com\/heleneboucher\/wp-content\/uploads\/2022\/06\/tweet-velo-768x439.jpg 768w, https:\/\/www.api-colomiers.com\/heleneboucher\/wp-content\/uploads\/2022\/06\/tweet-velo-600x343.jpg 600w\" sizes=\"auto, (max-width: 1024px) 100vw, 1024px\" \/><\/a><\/figure><div class=\"wp-block-media-text__content\">\n<p>L\u2019assembl\u00e9e g\u00e9n\u00e9rale de l\u2019ONU a d\u00e9cr\u00e9t\u00e9 en 2018 <a href=\"https:\/\/www.un.org\/fr\/observances\/bicycle-day\" target=\"_blank\" rel=\"noreferrer noopener\">la journ\u00e9e internationale du v\u00e9lo<\/a>. <\/p>\n\n\n\n<p>Cet \u00e9v\u00e8nement encourage les \u00c9tats \u00e0 accorder \u00e0 la bicyclette une place particuli\u00e8re dans les politiques et programmes de d\u00e9veloppement. En effet, le v\u00e9lo est un moyen de locomotion&nbsp;durable&nbsp;et respectueux de l\u2019environnement.<\/p>\n<\/div><\/div>\n\n\n\n<p><strong><span class=\"has-inline-color has-vivid-purple-color\">Elle sensibilise \u00e9galement \u00e0 la n\u00e9cessit\u00e9 d\u2019am\u00e9liorer les infrastructures pour une meilleure s\u00e9curit\u00e9 routi\u00e8re. <\/span><\/strong><\/p>\n\n\n\n<p>Pour l&rsquo;occasion, retrouvez toutes les informations sur la <a rel=\"noreferrer noopener\" href=\"https:\/\/www.ville-colomiers.fr\/mon-quotidien\/transports\/le-reseau-cyclable-et-pedestre-de-colomiers-450.html\" target=\"_blank\">page de la ville de Colomiers<\/a> sur le r\u00e9seau cyclable et p\u00e9destre avec la <a rel=\"noreferrer noopener\" href=\"https:\/\/www.ville-colomiers.fr\/fileadmin\/user_upload\/Fichiers_Bloc_A_Telecharger\/Mobilite\/Carte_Cyclo_Boucles-2021.pdf\" target=\"_blank\">carte des itin\u00e9raires cyclables<\/a> ainsi qu&rsquo;un <a rel=\"noreferrer noopener\" href=\"https:\/\/www.ville-colomiers.fr\/fileadmin\/user_upload\/Fichiers_Bloc_A_Telecharger\/Environnement\/GuideNotreVilleADuCharme_A5-2021-BD.pdf\" data-type=\"URL\" data-id=\"https:\/\/www.ville-colomiers.fr\/fileadmin\/user_upload\/Fichiers_Bloc_A_Telecharger\/Environnement\/GuideNotreVilleADuCharme_A5-2021-BD.pdf\" target=\"_blank\">guide \u00ab\u00a0Notre ville a du charme\u00a0\u00bb<\/a><\/p>\n\n\n\n<p>et deux autres liens utiles : <\/p>\n\n\n\n<ul class=\"wp-block-list\"><li><a rel=\"noreferrer noopener\" href=\"https:\/\/www.service-public.fr\/particuliers\/actualites\/A14331\" target=\"_blank\">Circuler \u00e0 v\u00e9lo : tout ce que vous devez savoir <\/a><\/li><\/ul>\n\n\n\n<ul class=\"wp-block-list\"><li><a rel=\"noreferrer noopener\" href=\"https:\/\/www.securite-routiere.gouv.fr\/reglementation-liee-aux-modes-de-deplacements\/velo\/equipements-obligatoires-velo\" target=\"_blank\">V\u00e9lo : Les \u00e9quipements obligatoires et conseil pour s&rsquo;\u00e9quiper <\/a><\/li><\/ul>\n\n\n\n<p><strong><span class=\"has-inline-color has-vivid-purple-color\">Les Parents API H\u00e9l\u00e8ne Boucher ont renouvel\u00e9 une demande de rendez vous aupr\u00e8s de la Mairie pour continuer les actions de s\u00e9curisation de la circulation aux abords de l&rsquo;\u00e9cole<\/span><\/strong> (<a rel=\"noreferrer noopener\" href=\"https:\/\/www.api-colomiers.com\/heleneboucher\/?p=8714\" target=\"_blank\">cf. dernier article du 04\/04\/2022<\/a>)<\/p>\n\n\n\n<figure class=\"wp-block-image\"><a href=\"https:\/\/www.api-colomiers.com\/heleneboucher\/wp-content\/uploads\/2022\/06\/velo.jpg\" target=\"_blank\" rel=\"noopener\"><img loading=\"lazy\" decoding=\"async\" width=\"1024\" height=\"324\" src=\"https:\/\/www.api-colomiers.com\/heleneboucher\/wp-content\/uploads\/2022\/06\/velo-1024x324.jpg\" alt=\"\" class=\"wp-image-8878\" srcset=\"https:\/\/www.api-colomiers.com\/heleneboucher\/wp-content\/uploads\/2022\/06\/velo-1024x324.jpg 1024w, https:\/\/www.api-colomiers.com\/heleneboucher\/wp-content\/uploads\/2022\/06\/velo-300x95.jpg 300w, https:\/\/www.api-colomiers.com\/heleneboucher\/wp-content\/uploads\/2022\/06\/velo-768x243.jpg 768w, https:\/\/www.api-colomiers.com\/heleneboucher\/wp-content\/uploads\/2022\/06\/velo-600x190.jpg 600w, https:\/\/www.api-colomiers.com\/heleneboucher\/wp-content\/uploads\/2022\/06\/velo.jpg 1110w\" sizes=\"auto, (max-width: 1024px) 100vw, 1024px\" \/><\/a><\/figure>\n","protected":false},"excerpt":{"rendered":"<p>L\u2019assembl\u00e9e g\u00e9n\u00e9rale de l\u2019ONU a d\u00e9cr\u00e9t\u00e9 en 2018 la journ\u00e9e internationale du v\u00e9lo. Cet \u00e9v\u00e8nement encourage les \u00c9tats \u00e0 accorder \u00e0 la bicyclette une place particuli\u00e8re dans les politiques et programmes de d\u00e9veloppement. En effet, le v\u00e9lo est un moyen<\/p>\n","protected":false},"author":2,"featured_media":0,"comment_status":"closed","ping_status":"open","sticky":false,"template":"","format":"standard","meta":{"footnotes":""},"categories":[36],"tags":[],"class_list":["post-8875","post","type-post","status-publish","format-standard","hentry","category-conseils-de-parents"],"_links":{"self":[{"href":"https:\/\/www.api-colomiers.com\/heleneboucher\/wp-json\/wp\/v2\/posts\/8875","targetHints":{"allow":["GET"]}}],"collection":[{"href":"https:\/\/www.api-colomiers.com\/heleneboucher\/wp-json\/wp\/v2\/posts"}],"about":[{"href":"https:\/\/www.api-colomiers.com\/heleneboucher\/wp-json\/wp\/v2\/types\/post"}],"author":[{"embeddable":true,"href":"https:\/\/www.api-colomiers.com\/heleneboucher\/wp-json\/wp\/v2\/users\/2"}],"replies":[{"embeddable":true,"href":"https:\/\/www.api-colomiers.com\/heleneboucher\/wp-json\/wp\/v2\/comments?post=8875"}],"version-history":[{"count":9,"href":"https:\/\/www.api-colomiers.com\/heleneboucher\/wp-json\/wp\/v2\/posts\/8875\/revisions"}],"predecessor-version":[{"id":8887,"href":"https:\/\/www.api-colomiers.com\/heleneboucher\/wp-json\/wp\/v2\/posts\/8875\/revisions\/8887"}],"wp:attachment":[{"href":"https:\/\/www.api-colomiers.com\/heleneboucher\/wp-json\/wp\/v2\/media?parent=8875"}],"wp:term":[{"taxonomy":"category","embeddable":true,"href":"https:\/\/www.api-colomiers.com\/heleneboucher\/wp-json\/wp\/v2\/categories?post=8875"},{"taxonomy":"post_tag","embeddable":true,"href":"https:\/\/www.api-colomiers.com\/heleneboucher\/wp-json\/wp\/v2\/tags?post=8875"}],"curies":[{"name":"wp","href":"https:\/\/api.w.org\/{rel}","templated":true}]}}