{"id":8869,"date":"2022-06-03T02:29:51","date_gmt":"2022-06-03T00:29:51","guid":{"rendered":"https:\/\/www.api-colomiers.com\/heleneboucher\/?p=8869"},"modified":"2022-06-03T02:32:19","modified_gmt":"2022-06-03T00:32:19","slug":"idees-de-sorties-en-famille-pour-ce-week-end-carnaval-rendez-vous-aux-jardins-musee","status":"publish","type":"post","link":"https:\/\/www.api-colomiers.com\/heleneboucher\/idees-de-sorties-en-famille-pour-ce-week-end-carnaval-rendez-vous-aux-jardins-musee\/","title":{"rendered":"Id\u00e9es de sorties en famille pour ce week-end ! Carnaval, Rendez-vous aux Jardins, Mus\u00e9e&#8230;"},"content":{"rendered":"\n<h5 class=\"wp-block-heading\"><meta charset=\"utf-8\"><span class=\"has-inline-color has-vivid-purple-color\"><strong>Id\u00e9e Carnaval  <\/strong><\/span>: samedi 4 juin, \u00e0 partir de 19h30 &#8211; D\u00e9part de la rue de la R\u00e9publique \u00e0 Toulouse<\/h5>\n\n\n\n<div class=\"wp-block-media-text alignwide is-stacked-on-mobile\" style=\"grid-template-columns:23% auto\"><figure class=\"wp-block-media-text__media\"><img loading=\"lazy\" decoding=\"async\" width=\"960\" height=\"960\" src=\"https:\/\/www.api-colomiers.com\/heleneboucher\/wp-content\/uploads\/2022\/06\/carnaval.jpg\" alt=\"\" class=\"wp-image-8870 size-full\" srcset=\"https:\/\/www.api-colomiers.com\/heleneboucher\/wp-content\/uploads\/2022\/06\/carnaval.jpg 960w, https:\/\/www.api-colomiers.com\/heleneboucher\/wp-content\/uploads\/2022\/06\/carnaval-300x300.jpg 300w, https:\/\/www.api-colomiers.com\/heleneboucher\/wp-content\/uploads\/2022\/06\/carnaval-150x150.jpg 150w, https:\/\/www.api-colomiers.com\/heleneboucher\/wp-content\/uploads\/2022\/06\/carnaval-768x768.jpg 768w, https:\/\/www.api-colomiers.com\/heleneboucher\/wp-content\/uploads\/2022\/06\/carnaval-600x600.jpg 600w, https:\/\/www.api-colomiers.com\/heleneboucher\/wp-content\/uploads\/2022\/06\/carnaval-270x270.jpg 270w, https:\/\/www.api-colomiers.com\/heleneboucher\/wp-content\/uploads\/2022\/06\/carnaval-230x230.jpg 230w\" sizes=\"auto, (max-width: 960px) 100vw, 960px\" \/><\/figure><div class=\"wp-block-media-text__content\">\n<p><strong><span class=\"has-inline-color has-vivid-purple-color\">Le Grand D\u00e9fil\u00e9 du Carnaval de Toulouse est de retour !&nbsp;<\/span><\/strong><\/p>\n\n\n\n<p>Apr\u00e8s 2 ans d&rsquo;absence dans la ville rose en raison de la situation sanitaire, le grand d\u00e9fil\u00e9 fait son retour cette ann\u00e9e. Il est enfin temps de sortir vos d\u00e9guisements, sp\u00e9cificit\u00e9 pour cette ann\u00e9e le dresscode c&rsquo;est&#8230;<\/p>\n\n\n\n<p><strong><span class=\"has-inline-color has-pale-pink-color\">&nbsp;TOUS EN ROSE&nbsp;<\/span><\/strong><\/p>\n\n\n\n<p>Le COCU appelle les Toulousain-e-s \u00e0 se rassembler pour une parade tout en rose ! Un dresscode \u00e9vident dans la ville rose et l&rsquo;occasion pour tous de s&rsquo;unir aux couleurs de la Ville pour carnavaler !<\/p>\n\n\n\n<p><a href=\"https:\/\/www.facebook.com\/events\/535940061450161\" target=\"_blank\" rel=\"noreferrer noopener\">Plus d&rsquo;information<\/a><\/p>\n<\/div><\/div>\n\n\n\n<h5 class=\"wp-block-heading\"><meta charset=\"utf-8\"><span class=\"has-inline-color has-vivid-purple-color\"><strong>Id\u00e9e Jardin  <\/strong><\/span>: samedi 4 juin et dimanche 5 juin 2022 , RENDEZ-VOUS AUX JARDINS<\/h5>\n\n\n\n<div class=\"wp-block-media-text alignwide has-media-on-the-right is-stacked-on-mobile\" style=\"grid-template-columns:auto 20%\"><figure class=\"wp-block-media-text__media\"><img loading=\"lazy\" decoding=\"async\" width=\"700\" height=\"990\" src=\"https:\/\/www.api-colomiers.com\/heleneboucher\/wp-content\/uploads\/2022\/06\/jardinmuseum.jpg\" alt=\"\" class=\"wp-image-8871 size-full\" srcset=\"https:\/\/www.api-colomiers.com\/heleneboucher\/wp-content\/uploads\/2022\/06\/jardinmuseum.jpg 700w, https:\/\/www.api-colomiers.com\/heleneboucher\/wp-content\/uploads\/2022\/06\/jardinmuseum-212x300.jpg 212w, https:\/\/www.api-colomiers.com\/heleneboucher\/wp-content\/uploads\/2022\/06\/jardinmuseum-600x849.jpg 600w\" sizes=\"auto, (max-width: 700px) 100vw, 700px\" \/><\/figure><div class=\"wp-block-media-text__content\">\n<p>L<strong>e Mus\u00e9um de Toulouse vous donne rendez-vous en famille pour&nbsp;replacer les parcs et jardins au c\u0153ur de la probl\u00e9matique suivante : \u00ab\u00a0<span class=\"has-inline-color has-vivid-purple-color\">les jardins face au changement climatique<\/span>\u00ab\u00a0.<\/strong><\/p>\n\n\n\n<p><strong>Le Mus\u00e9um de Toulouse<\/strong>&nbsp;vous propose \u00e0 cette occasion un programme vari\u00e9 pour toute la famille : visites, ateliers, lectures, vous permettront d\u2019\u00e9changer autour de ces questions et de d\u00e9couvrir le Mus\u00e9um sous un autre angle.<\/p>\n\n\n\n<p><strong><a href=\"https:\/\/www.museum.toulouse.fr\/agenda?_3_WAR_calendarportlet_searchParams=%7B%22searchLocations%22%3A%5B%2210465%22%5D%7D&amp;oaq%5Bwhat%5D=jardins&amp;oaq%5Bfrom%5D=2022-06-03&amp;oaq%5Bto%5D=2022-06-03&amp;oaq%5Buid%5D=88394267\" target=\"_blank\" rel=\"noreferrer noopener\">Au Jardin Botanique Henri Gaussen<\/a><\/strong>,&nbsp;on se projette vers le futur : quel climat \u00e0 Toulouse en 2050 ? Quel impact sur le cycle de d\u00e9veloppement des plantes (ph\u00e9nologie) et leur survie ? Comment entretenir son jardin ? Quelles plantes choisir pour nos jardins du futur ?<\/p>\n\n\n\n<p><strong><a href=\"https:\/\/www.museum.toulouse.fr\/agenda?_3_WAR_calendarportlet_searchParams=%7B%22searchLocations%22%3A%5B%2210465%22%5D%7D&amp;oaq%5Bwhat%5D=jardins&amp;oaq%5Bfrom%5D=2022-06-03&amp;oaq%5Bto%5D=2022-06-03&amp;oaq%5Buid%5D=96085398\" target=\"_blank\" rel=\"noreferrer noopener\">Aux Jardins du Mus\u00e9um \u00e0 Borderouge<\/a><\/strong>, les essences des arbres vous r\u00e9v\u00e9leront leurs secrets et le groupe de pop v\u00e9g\u00e9tale Labotanique fera chanter les plantes, pour ressentir la nature et le vivant diff\u00e9remment, le temps d\u2019un concert. \/\/<strong>&nbsp;Dimanche 5 juin \u00e0 16h \/\/&nbsp;Acc\u00e8s libre et gratuit.<\/strong><\/p>\n\n\n\n<p><strong><a href=\"https:\/\/www.museum.toulouse.fr\/agenda?oaq%5Bfrom%5D=2022-06-04&amp;oaq%5Bto%5D=2022-06-04\" target=\"_blank\" rel=\"noreferrer noopener\">Plus d&rsquo;infos sur les Rendez-vous aux Jardins au Mus\u00e9um de Toulouse &gt;&gt;&gt;<\/a><\/strong><\/p>\n<\/div><\/div>\n\n\n\n<h5 class=\"wp-block-heading\"><meta charset=\"utf-8\"><span class=\"has-inline-color has-vivid-purple-color\"><strong>Id\u00e9e Mus\u00e9e  <\/strong><\/span>:  dimanche 5 juin 2022 , les mus\u00e9es toulousains sont gratuits !<\/h5>\n\n\n\n<div class=\"wp-block-media-text alignwide is-stacked-on-mobile\" style=\"grid-template-columns:36% auto\"><figure class=\"wp-block-media-text__media\"><a href=\"https:\/\/www.quaidessavoirs.fr\/quai-des-petits\"><img loading=\"lazy\" decoding=\"async\" width=\"1024\" height=\"263\" src=\"https:\/\/www.api-colomiers.com\/heleneboucher\/wp-content\/uploads\/2022\/06\/car_QDP_20-1024x263.jpg\" alt=\"\" class=\"wp-image-8872 size-full\" srcset=\"https:\/\/www.api-colomiers.com\/heleneboucher\/wp-content\/uploads\/2022\/06\/car_QDP_20-1024x263.jpg 1024w, https:\/\/www.api-colomiers.com\/heleneboucher\/wp-content\/uploads\/2022\/06\/car_QDP_20-300x77.jpg 300w, https:\/\/www.api-colomiers.com\/heleneboucher\/wp-content\/uploads\/2022\/06\/car_QDP_20-768x197.jpg 768w, https:\/\/www.api-colomiers.com\/heleneboucher\/wp-content\/uploads\/2022\/06\/car_QDP_20-600x154.jpg 600w, https:\/\/www.api-colomiers.com\/heleneboucher\/wp-content\/uploads\/2022\/06\/car_QDP_20.jpg 1170w\" sizes=\"auto, (max-width: 1024px) 100vw, 1024px\" \/><\/a><\/figure><div class=\"wp-block-media-text__content\">\n<p><a rel=\"noreferrer noopener\" href=\"https:\/\/www.museum.toulouse.fr\/\" target=\"_blank\">Mus\u00e9um d&rsquo;histoire naturelle<\/a>, <a rel=\"noreferrer noopener\" href=\"https:\/\/www.quaidessavoirs.fr\/\" target=\"_blank\">Quai de savoirs<\/a>, <a rel=\"noreferrer noopener\" href=\"https:\/\/saintraymond.toulouse.fr\/\" target=\"_blank\">mus\u00e9e d&rsquo;Arch\u00e9ologie<\/a>,&#8230;  \u00e0 d\u00e9couvrir ou red\u00e9couvrir en famille&#8230;<\/p>\n\n\n\n<p>Les mus\u00e9es toulousains sont gratuits le premier dimanche de chaque mois. retrouver <a rel=\"noreferrer noopener\" href=\"https:\/\/www.toulouse.fr\/web\/cultures\/bons-plans\/musees-gratuits\" target=\"_blank\">ici la liste des mus\u00e9es concern\u00e9s <\/a><\/p>\n<\/div><\/div>\n","protected":false},"excerpt":{"rendered":"<p>Id\u00e9e Carnaval : samedi 4 juin, \u00e0 partir de 19h30 &#8211; D\u00e9part de la rue de la R\u00e9publique \u00e0 Toulouse Le Grand D\u00e9fil\u00e9 du Carnaval de Toulouse est de retour !&nbsp; Apr\u00e8s 2 ans d&rsquo;absence dans la ville rose en<\/p>\n","protected":false},"author":2,"featured_media":0,"comment_status":"closed","ping_status":"open","sticky":false,"template":"","format":"standard","meta":{"footnotes":""},"categories":[38,1,19],"tags":[],"class_list":["post-8869","post","type-post","status-publish","format-standard","hentry","category-decouverte-activite","category-non-classe","category-sortie"],"_links":{"self":[{"href":"https:\/\/www.api-colomiers.com\/heleneboucher\/wp-json\/wp\/v2\/posts\/8869","targetHints":{"allow":["GET"]}}],"collection":[{"href":"https:\/\/www.api-colomiers.com\/heleneboucher\/wp-json\/wp\/v2\/posts"}],"about":[{"href":"https:\/\/www.api-colomiers.com\/heleneboucher\/wp-json\/wp\/v2\/types\/post"}],"author":[{"embeddable":true,"href":"https:\/\/www.api-colomiers.com\/heleneboucher\/wp-json\/wp\/v2\/users\/2"}],"replies":[{"embeddable":true,"href":"https:\/\/www.api-colomiers.com\/heleneboucher\/wp-json\/wp\/v2\/comments?post=8869"}],"version-history":[{"count":5,"href":"https:\/\/www.api-colomiers.com\/heleneboucher\/wp-json\/wp\/v2\/posts\/8869\/revisions"}],"predecessor-version":[{"id":8891,"href":"https:\/\/www.api-colomiers.com\/heleneboucher\/wp-json\/wp\/v2\/posts\/8869\/revisions\/8891"}],"wp:attachment":[{"href":"https:\/\/www.api-colomiers.com\/heleneboucher\/wp-json\/wp\/v2\/media?parent=8869"}],"wp:term":[{"taxonomy":"category","embeddable":true,"href":"https:\/\/www.api-colomiers.com\/heleneboucher\/wp-json\/wp\/v2\/categories?post=8869"},{"taxonomy":"post_tag","embeddable":true,"href":"https:\/\/www.api-colomiers.com\/heleneboucher\/wp-json\/wp\/v2\/tags?post=8869"}],"curies":[{"name":"wp","href":"https:\/\/api.w.org\/{rel}","templated":true}]}}