{"id":8834,"date":"2022-05-29T12:09:42","date_gmt":"2022-05-29T10:09:42","guid":{"rendered":"https:\/\/www.api-colomiers.com\/heleneboucher\/?p=8834"},"modified":"2022-05-29T12:09:43","modified_gmt":"2022-05-29T10:09:43","slug":"nouveaute-suivez-lapi-colomiers-sur-facebook-instagram","status":"publish","type":"post","link":"https:\/\/www.api-colomiers.com\/heleneboucher\/nouveaute-suivez-lapi-colomiers-sur-facebook-instagram\/","title":{"rendered":"Nouveaut\u00e9 : Suivez l\u2019API Colomiers sur Facebook &#038; Instagram"},"content":{"rendered":"\n<p>L \u2019<span class=\"has-inline-color has-vivid-cyan-blue-color\"><strong>Association des Parents d\u2019\u00e9l\u00e8ves Ind\u00e9pendants de Colomiers<\/strong><\/span> est pr\u00e9sente dans plusieurs \u00e9coles de la commune. Et chaque section \u00e0 son site internet depuis quelques ann\u00e9es :<\/p>\n\n\n\n<ul class=\"wp-block-list\"><li>George Sand :&nbsp;<a rel=\"noreferrer noopener\" href=\"https:\/\/api-colomiers.com\/georgesand\/\" target=\"_blank\">https:\/\/api-colomiers.com\/georgesand\/<\/a><\/li><li>H\u00e9l\u00e8ne Boucher,<a rel=\"noreferrer noopener\" href=\"https:\/\/www.api-colomiers.com\/heleneboucher\/\" target=\"_blank\">&nbsp;https:\/\/www.api-colomiers.com\/heleneboucher\/<\/a><\/li><li>Alain Savary,<a rel=\"noreferrer noopener\" href=\"https:\/\/api-colomiers.com\/alainsavary\/\" target=\"_blank\">&nbsp;https:\/\/api-colomiers.com\/alainsavary\/<\/a><\/li><li>Lucie Aubrac , <a href=\"https:\/\/api-colomiers.com\/lucieaubrac\/\">https:\/\/api-colomiers.com\/lucieaubrac\/<\/a><\/li><\/ul>\n\n\n\n<p>La nouveaut\u00e9, c\u2019est que maintenant vous pouvez suivre l\u2019actualit\u00e9 des \u00e9coles mais aussi glaner des infos annexes gr\u00e2ce \u00e0 la page <a rel=\"noreferrer noopener\" href=\"https:\/\/www.facebook.com\/API.Colomiers\" data-type=\"URL\" data-id=\"https:\/\/www.facebook.com\/API.Colomiers\" target=\"_blank\">Facebook<\/a> et <a rel=\"noreferrer noopener\" href=\"https:\/\/www.instagram.com\/api.colomiers\/\" data-type=\"URL\" data-id=\"https:\/\/www.instagram.com\/api.colomiers\/\" target=\"_blank\">Instagram<\/a> de l\u2019API Colomiers, <strong><span class=\"has-inline-color has-vivid-purple-color\">n&rsquo;h\u00e9sitez pas \u00e0 vous abonner pour suivre l&rsquo;ensemble des actualit\u00e9s<\/span> !<\/strong><\/p>\n\n\n\n<p><a href=\"https:\/\/www.facebook.com\/API.Colomiers\" target=\"_blank\" rel=\"noreferrer noopener\">https:\/\/www.facebook.com\/API.Colomiers <\/a><\/p>\n\n\n\n<p><a href=\"https:\/\/www.instagram.com\/api.colomiers\/\" target=\"_blank\" rel=\"noreferrer noopener\">https:\/\/www.instagram.com\/api.colomiers\/<\/a><\/p>\n\n\n\n<p><strong><span class=\"has-inline-color has-vivid-cyan-blue-color\">Nous serions heureux de vous accueillir dans l\u2019une de nos \u00e9quipes ou de vous accompagner dans la cr\u00e9ation d\u2019une section dans votre \u00e9cole.<\/span><\/strong><\/p>\n\n\n\n<p><meta charset=\"utf-8\"><strong><span class=\"has-inline-color has-vivid-purple-color\"><strong>Contactez-nous pour plus de renseignement,&nbsp;<\/strong><\/span><span class=\"has-inline-color has-luminous-vivid-orange-color\">\u00e9quipe des parents API H\u00e9l\u00e8ne Boucher<\/span><span class=\"has-inline-color has-vivid-purple-color\">  : <a rel=\"noreferrer noopener\" href=\"mailto:api.heleneboucher@gmail.com\" target=\"_blank\">api.heleneboucher@gmail.com<\/a><\/span><\/strong> ou <span class=\"has-inline-color has-luminous-vivid-orange-color\">API Colomiers <\/span>directement : <a rel=\"noreferrer noopener\" href=\"mailto:api.colomiers@gmail.com\" target=\"_blank\">api.colomiers@gmail.com<\/a><\/p>\n","protected":false},"excerpt":{"rendered":"<p>L \u2019Association des Parents d\u2019\u00e9l\u00e8ves Ind\u00e9pendants de Colomiers est pr\u00e9sente dans plusieurs \u00e9coles de la commune. Et chaque section \u00e0 son site internet depuis quelques ann\u00e9es : George Sand :&nbsp;https:\/\/api-colomiers.com\/georgesand\/ H\u00e9l\u00e8ne Boucher,&nbsp;https:\/\/www.api-colomiers.com\/heleneboucher\/ Alain Savary,&nbsp;https:\/\/api-colomiers.com\/alainsavary\/ Lucie Aubrac , https:\/\/api-colomiers.com\/lucieaubrac\/ La nouveaut\u00e9,<\/p>\n","protected":false},"author":2,"featured_media":0,"comment_status":"closed","ping_status":"open","sticky":false,"template":"","format":"standard","meta":{"footnotes":""},"categories":[15,8,20],"tags":[],"class_list":["post-8834","post","type-post","status-publish","format-standard","hentry","category-actions-pe","category-maternelle","category-primaire"],"_links":{"self":[{"href":"https:\/\/www.api-colomiers.com\/heleneboucher\/wp-json\/wp\/v2\/posts\/8834","targetHints":{"allow":["GET"]}}],"collection":[{"href":"https:\/\/www.api-colomiers.com\/heleneboucher\/wp-json\/wp\/v2\/posts"}],"about":[{"href":"https:\/\/www.api-colomiers.com\/heleneboucher\/wp-json\/wp\/v2\/types\/post"}],"author":[{"embeddable":true,"href":"https:\/\/www.api-colomiers.com\/heleneboucher\/wp-json\/wp\/v2\/users\/2"}],"replies":[{"embeddable":true,"href":"https:\/\/www.api-colomiers.com\/heleneboucher\/wp-json\/wp\/v2\/comments?post=8834"}],"version-history":[{"count":4,"href":"https:\/\/www.api-colomiers.com\/heleneboucher\/wp-json\/wp\/v2\/posts\/8834\/revisions"}],"predecessor-version":[{"id":8842,"href":"https:\/\/www.api-colomiers.com\/heleneboucher\/wp-json\/wp\/v2\/posts\/8834\/revisions\/8842"}],"wp:attachment":[{"href":"https:\/\/www.api-colomiers.com\/heleneboucher\/wp-json\/wp\/v2\/media?parent=8834"}],"wp:term":[{"taxonomy":"category","embeddable":true,"href":"https:\/\/www.api-colomiers.com\/heleneboucher\/wp-json\/wp\/v2\/categories?post=8834"},{"taxonomy":"post_tag","embeddable":true,"href":"https:\/\/www.api-colomiers.com\/heleneboucher\/wp-json\/wp\/v2\/tags?post=8834"}],"curies":[{"name":"wp","href":"https:\/\/api.w.org\/{rel}","templated":true}]}}