{"id":8719,"date":"2022-04-04T22:07:15","date_gmt":"2022-04-04T20:07:15","guid":{"rendered":"https:\/\/www.api-colomiers.com\/heleneboucher\/?p=8719"},"modified":"2022-04-04T22:07:16","modified_gmt":"2022-04-04T20:07:16","slug":"2-avril-journee-mondiale-de-sensibilisation-a-lautisme","status":"publish","type":"post","link":"https:\/\/www.api-colomiers.com\/heleneboucher\/2-avril-journee-mondiale-de-sensibilisation-a-lautisme\/","title":{"rendered":"2 AVRIL, Journ\u00e9e mondiale de sensibilisation \u00e0 l&rsquo;autisme"},"content":{"rendered":"\n<div class=\"wp-block-media-text alignwide is-stacked-on-mobile\"><figure class=\"wp-block-media-text__media\"><img loading=\"lazy\" decoding=\"async\" width=\"1024\" height=\"592\" src=\"https:\/\/www.api-colomiers.com\/heleneboucher\/wp-content\/uploads\/2022\/04\/flyers3_Autisme-1024x592.jpg\" alt=\"\" class=\"wp-image-8722 size-full\" srcset=\"https:\/\/www.api-colomiers.com\/heleneboucher\/wp-content\/uploads\/2022\/04\/flyers3_Autisme-1024x592.jpg 1024w, https:\/\/www.api-colomiers.com\/heleneboucher\/wp-content\/uploads\/2022\/04\/flyers3_Autisme-300x174.jpg 300w, https:\/\/www.api-colomiers.com\/heleneboucher\/wp-content\/uploads\/2022\/04\/flyers3_Autisme-768x444.jpg 768w, https:\/\/www.api-colomiers.com\/heleneboucher\/wp-content\/uploads\/2022\/04\/flyers3_Autisme-600x347.jpg 600w, https:\/\/www.api-colomiers.com\/heleneboucher\/wp-content\/uploads\/2022\/04\/flyers3_Autisme.jpg 1300w\" sizes=\"auto, (max-width: 1024px) 100vw, 1024px\" \/><\/figure><div class=\"wp-block-media-text__content\">\n<p class=\"has-large-font-size\">TOUS diff\u00e9rents, TOUS \u00e9gaux&#8230;<\/p>\n\n\n\n<p>L&rsquo;\u00e9quipe des parents API H\u00e9l\u00e8ne Boucher maternelle et \u00e9l\u00e9mentaire reste disponible pour \u00e9changer sur ce sujet.<\/p>\n<\/div><\/div>\n\n\n\n<div class=\"wp-block-image\"><figure class=\"aligncenter size-full\"><a href=\"https:\/\/www.api-colomiers.com\/heleneboucher\/wp-content\/uploads\/2022\/04\/flyers1_Autisme.jpg\"><img loading=\"lazy\" decoding=\"async\" width=\"791\" height=\"989\" src=\"https:\/\/www.api-colomiers.com\/heleneboucher\/wp-content\/uploads\/2022\/04\/flyers1_Autisme.jpg\" alt=\"\" class=\"wp-image-8724\" srcset=\"https:\/\/www.api-colomiers.com\/heleneboucher\/wp-content\/uploads\/2022\/04\/flyers1_Autisme.jpg 791w, https:\/\/www.api-colomiers.com\/heleneboucher\/wp-content\/uploads\/2022\/04\/flyers1_Autisme-240x300.jpg 240w, https:\/\/www.api-colomiers.com\/heleneboucher\/wp-content\/uploads\/2022\/04\/flyers1_Autisme-768x960.jpg 768w, https:\/\/www.api-colomiers.com\/heleneboucher\/wp-content\/uploads\/2022\/04\/flyers1_Autisme-600x750.jpg 600w\" sizes=\"auto, (max-width: 791px) 100vw, 791px\" \/><\/a><\/figure><\/div>\n\n\n\n<div class=\"wp-block-image\"><figure class=\"aligncenter size-full\"><a href=\"https:\/\/www.api-colomiers.com\/heleneboucher\/wp-content\/uploads\/2022\/04\/flyers2_Autisme.jpg\"><img loading=\"lazy\" decoding=\"async\" width=\"705\" height=\"881\" src=\"https:\/\/www.api-colomiers.com\/heleneboucher\/wp-content\/uploads\/2022\/04\/flyers2_Autisme.jpg\" alt=\"\" class=\"wp-image-8723\" srcset=\"https:\/\/www.api-colomiers.com\/heleneboucher\/wp-content\/uploads\/2022\/04\/flyers2_Autisme.jpg 705w, https:\/\/www.api-colomiers.com\/heleneboucher\/wp-content\/uploads\/2022\/04\/flyers2_Autisme-240x300.jpg 240w, https:\/\/www.api-colomiers.com\/heleneboucher\/wp-content\/uploads\/2022\/04\/flyers2_Autisme-600x750.jpg 600w\" sizes=\"auto, (max-width: 705px) 100vw, 705px\" \/><\/a><\/figure><\/div>\n\n\n\n<div class=\"wp-block-image\"><figure class=\"aligncenter size-large\"><a href=\"https:\/\/www.api-colomiers.com\/heleneboucher\/wp-content\/uploads\/2022\/04\/flyers4_Autisme.jpg\"><img loading=\"lazy\" decoding=\"async\" width=\"723\" height=\"1024\" src=\"https:\/\/www.api-colomiers.com\/heleneboucher\/wp-content\/uploads\/2022\/04\/flyers4_Autisme-723x1024.jpg\" alt=\"\" class=\"wp-image-8721\" srcset=\"https:\/\/www.api-colomiers.com\/heleneboucher\/wp-content\/uploads\/2022\/04\/flyers4_Autisme-723x1024.jpg 723w, https:\/\/www.api-colomiers.com\/heleneboucher\/wp-content\/uploads\/2022\/04\/flyers4_Autisme-212x300.jpg 212w, https:\/\/www.api-colomiers.com\/heleneboucher\/wp-content\/uploads\/2022\/04\/flyers4_Autisme-768x1087.jpg 768w, https:\/\/www.api-colomiers.com\/heleneboucher\/wp-content\/uploads\/2022\/04\/flyers4_Autisme-600x849.jpg 600w, https:\/\/www.api-colomiers.com\/heleneboucher\/wp-content\/uploads\/2022\/04\/flyers4_Autisme.jpg 1080w\" sizes=\"auto, (max-width: 723px) 100vw, 723px\" \/><\/a><\/figure><\/div>\n\n\n\n<div class=\"wp-block-image\"><figure class=\"aligncenter size-large\"><a href=\"https:\/\/www.api-colomiers.com\/heleneboucher\/wp-content\/uploads\/2022\/04\/flyers5_Autisme.jpg\"><img loading=\"lazy\" decoding=\"async\" width=\"722\" height=\"1024\" src=\"https:\/\/www.api-colomiers.com\/heleneboucher\/wp-content\/uploads\/2022\/04\/flyers5_Autisme-722x1024.jpg\" alt=\"\" class=\"wp-image-8720\" srcset=\"https:\/\/www.api-colomiers.com\/heleneboucher\/wp-content\/uploads\/2022\/04\/flyers5_Autisme-722x1024.jpg 722w, https:\/\/www.api-colomiers.com\/heleneboucher\/wp-content\/uploads\/2022\/04\/flyers5_Autisme-211x300.jpg 211w, https:\/\/www.api-colomiers.com\/heleneboucher\/wp-content\/uploads\/2022\/04\/flyers5_Autisme-768x1089.jpg 768w, https:\/\/www.api-colomiers.com\/heleneboucher\/wp-content\/uploads\/2022\/04\/flyers5_Autisme-600x851.jpg 600w, https:\/\/www.api-colomiers.com\/heleneboucher\/wp-content\/uploads\/2022\/04\/flyers5_Autisme.jpg 1080w\" sizes=\"auto, (max-width: 722px) 100vw, 722px\" \/><\/a><\/figure><\/div>\n","protected":false},"excerpt":{"rendered":"<p>TOUS diff\u00e9rents, TOUS \u00e9gaux&#8230; L&rsquo;\u00e9quipe des parents API H\u00e9l\u00e8ne Boucher maternelle et \u00e9l\u00e9mentaire reste disponible pour \u00e9changer sur ce sujet.<\/p>\n","protected":false},"author":2,"featured_media":0,"comment_status":"closed","ping_status":"open","sticky":false,"template":"","format":"standard","meta":{"footnotes":""},"categories":[36,8,20],"tags":[],"class_list":["post-8719","post","type-post","status-publish","format-standard","hentry","category-conseils-de-parents","category-maternelle","category-primaire"],"_links":{"self":[{"href":"https:\/\/www.api-colomiers.com\/heleneboucher\/wp-json\/wp\/v2\/posts\/8719","targetHints":{"allow":["GET"]}}],"collection":[{"href":"https:\/\/www.api-colomiers.com\/heleneboucher\/wp-json\/wp\/v2\/posts"}],"about":[{"href":"https:\/\/www.api-colomiers.com\/heleneboucher\/wp-json\/wp\/v2\/types\/post"}],"author":[{"embeddable":true,"href":"https:\/\/www.api-colomiers.com\/heleneboucher\/wp-json\/wp\/v2\/users\/2"}],"replies":[{"embeddable":true,"href":"https:\/\/www.api-colomiers.com\/heleneboucher\/wp-json\/wp\/v2\/comments?post=8719"}],"version-history":[{"count":3,"href":"https:\/\/www.api-colomiers.com\/heleneboucher\/wp-json\/wp\/v2\/posts\/8719\/revisions"}],"predecessor-version":[{"id":8740,"href":"https:\/\/www.api-colomiers.com\/heleneboucher\/wp-json\/wp\/v2\/posts\/8719\/revisions\/8740"}],"wp:attachment":[{"href":"https:\/\/www.api-colomiers.com\/heleneboucher\/wp-json\/wp\/v2\/media?parent=8719"}],"wp:term":[{"taxonomy":"category","embeddable":true,"href":"https:\/\/www.api-colomiers.com\/heleneboucher\/wp-json\/wp\/v2\/categories?post=8719"},{"taxonomy":"post_tag","embeddable":true,"href":"https:\/\/www.api-colomiers.com\/heleneboucher\/wp-json\/wp\/v2\/tags?post=8719"}],"curies":[{"name":"wp","href":"https:\/\/api.w.org\/{rel}","templated":true}]}}