{"id":8714,"date":"2022-04-04T22:16:17","date_gmt":"2022-04-04T20:16:17","guid":{"rendered":"https:\/\/www.api-colomiers.com\/heleneboucher\/?p=8714"},"modified":"2022-04-04T22:16:17","modified_gmt":"2022-04-04T20:16:17","slug":"compte-rendu-reunion-mairie-sur-les-problematiques-de-securite-circulation-autour-de-lecole","status":"publish","type":"post","link":"https:\/\/www.api-colomiers.com\/heleneboucher\/compte-rendu-reunion-mairie-sur-les-problematiques-de-securite-circulation-autour-de-lecole\/","title":{"rendered":"Compte-Rendu r\u00e9union Mairie sur les probl\u00e9matiques de s\u00e9curit\u00e9\/circulation autour de l\u2019\u00e9cole\u2026"},"content":{"rendered":"\n<p>Chers Parents, <\/p>\n\n\n\n<p>vous trouverez au lien ci-dessous le <strong><span class=\"has-inline-color has-black-color\">compte rendu Parents API<\/span><\/strong> et le <strong><span class=\"has-inline-color has-black-color\">compte rendu de la Mairie<\/span><\/strong> que nous venons de recevoir de la derni\u00e8re r\u00e9union du 03\/02\/2022  avec les services de la Mairie concernant les <strong><span class=\"has-inline-color has-black-color\">probl\u00e9matiques de s\u00e9curit\u00e9\/circulation autour de l&rsquo;\u00e9cole<\/span><\/strong>.<\/p>\n\n\n\n<ul class=\"wp-block-list\"><li>&#8211; <a rel=\"noreferrer noopener\" href=\"https:\/\/www.api-colomiers.com\/heleneboucher\/wp-content\/uploads\/2022\/04\/CR_re\u0301union_Mairie_15122021_03022022.pptx-1.pdf\" target=\"_blank\">CR_API_re\u0301union_Mairie_15122021_03022022<\/a><\/li><li><a rel=\"noreferrer noopener\" href=\"https:\/\/www.api-colomiers.com\/heleneboucher\/wp-content\/uploads\/2022\/04\/lp975_20220322_163014-2.pdf\" target=\"_blank\">&#8211; CR_Mairie_lp975_20220322_163014<\/a><\/li><\/ul>\n\n\n\n<p>Pour rappel voici le lien vers notre dernier article du 17\/01\/2022 sur le sujet : \u00ab\u00a0<a rel=\"noreferrer noopener\" href=\"https:\/\/www.api-colomiers.com\/heleneboucher\/?p=8451\" target=\"_blank\">Probl\u00e9matique s\u00e9curit\u00e9 circulation autour de l\u2019\u00e9cole\u2026 des solutions se pr\u00e9cisent\u2026<\/a>\u00ab\u00a0<\/p>\n\n\n\n<p><strong><span class=\"has-inline-color has-vivid-purple-color\">EN SYNTHESE : <\/span><\/strong><\/p>\n\n\n\n<ol class=\"wp-block-list\"><li>Des <span class=\"has-inline-color has-vivid-cyan-blue-color\"><strong>travaux d&rsquo;am\u00e9nagements pi\u00e9ton\/v\u00e9lo<\/strong> sont pr\u00e9vus <\/span>de mani\u00e8re \u00e0 s\u00e9curiser le parcours vers l&rsquo;\u00e9cole  : <\/li><\/ol>\n\n\n\n<ul class=\"wp-block-list\"><li>&#8211; Cr\u00e9ation de parcours s\u00e9curis\u00e9s pi\u00e9tonniers depuis le boulevard du Corps Franc Pommies, <\/li><li>&#8211; Cr\u00e9ation d&rsquo;une \u00ab\u00a0zone de rencontre\u00a0\u00bb all\u00e9e de la Roseraie<\/li><li>&#8211; Cr\u00e9ation d&rsquo;un trottoir en bout de cette all\u00e9e<\/li><\/ul>\n\n\n\n<p>2. Les <strong><span class=\"has-inline-color has-vivid-cyan-blue-color\">livraisons du foyer YMCA ont \u00e9t\u00e9 d\u00e9cal\u00e9es <\/span><\/strong>en dehors des heures de d\u00e9pose des enfants et les <strong><span class=\"has-inline-color has-vivid-cyan-blue-color\">conteneurs d\u00e9chets du foyer YMCA ne seront plus sur le trottoir<\/span><\/strong> pour \u00e9viter les g\u00eanes \u00e0 la circulation.<\/p>\n\n\n\n<p>3. La <span class=\"has-inline-color has-luminous-vivid-orange-color\"><strong>pose de plots sur l&rsquo;ensemble du trottoir n&rsquo;a pas \u00e9t\u00e9 retenue<\/strong><\/span><strong> car les buttoirs sont d\u00e9j\u00e0 fonctionnels et les normes d&rsquo;accessibilit\u00e9 au bus ne permettent pas de mettre en place ce type d&rsquo;am\u00e9nagement<\/strong><\/p>\n\n\n\n<p><span class=\"has-inline-color has-black-color\">4. <\/span><strong><span class=\"has-inline-color has-luminous-vivid-orange-color\">Question sur le nombre de places de parkings<\/span><\/strong> autour de l&rsquo;\u00e9cole : <\/p>\n\n\n\n<ul class=\"wp-block-list\"><li>&#8211; <span class=\"has-inline-color has-luminous-vivid-orange-color\"><strong>Pas de possibilit\u00e9 de r\u00e9cup\u00e9rer les places<\/strong><\/span> devant la cours des CMx tant que les Algecos seront utilis\u00e9s<\/li><li>&#8211; <strong><span class=\"has-inline-color has-luminous-vivid-orange-color\">Zone bleue<\/span>&nbsp;<\/strong>: doit donner lieu \u00e0 une \u00e9tude plus \u00e9tendue car cela peut impacter les riverains<\/li><\/ul>\n\n\n\n<p>5. <span class=\"has-inline-color has-luminous-vivid-orange-color\"><strong>Question sur l&rsquo;am\u00e9lioration de la circulation voie Millassis<\/strong><\/span> &gt; Une \u00e9tude pour exp\u00e9rimenter un sens unique avait \u00e9t\u00e9 \u00e9voqu\u00e9e dans la m\u00eame id\u00e9e que l&rsquo;\u00e9cole Lamartine.  Cette <strong><span class=\"has-inline-color has-luminous-vivid-orange-color\">exp\u00e9rimentation n&rsquo;a pas \u00e9t\u00e9 retenue<\/span><\/strong>&nbsp;par les services de Toulouse M\u00e9tropole compte tenu des risques associ\u00e9s au regard du contexte de l&rsquo;\u00e9cole (voie longue et large, sans am\u00e9nagement en dur, cette exp\u00e9rimentation pourrait \u00eatre accidentog\u00e8ne)  .<\/p>\n\n\n\n<p>Enfin, l&rsquo;\u00e9change avec la Mairie nous a permis de discuter \u00e9galement de solutions existantes dans d&rsquo;autres \u00e9coles, par exemple des <strong><span class=\"has-inline-color has-vivid-cyan-blue-color\">actions de pr\u00e9ventions men\u00e9es par les enfant<\/span><\/strong> : expos\u00e9 de situations et d\u00e9livrance de fausses contraventions, <strong><span class=\"has-inline-color has-vivid-cyan-blue-color\">action port\u00e9e par les parents d&rsquo;\u00e9l\u00e8ves et soutenue par les \u00e9quipes \u00e9ducatives et le service tranquillit\u00e9 publique<\/span><\/strong> avec des r\u00e9sultats positifs. <\/p>\n\n\n\n<p><strong><span class=\"has-inline-color has-vivid-green-cyan-color\">L&rsquo;id\u00e9e est de revenir sur cette id\u00e9e et de voir comment cela pourrait \u00eatre port\u00e9s pour l&rsquo;\u00e9cole H\u00e9l\u00e8ne Boucher<\/span><\/strong><\/p>\n\n\n\n<p><span class=\"has-inline-color has-vivid-purple-color\"><strong>Envi de partager, d&rsquo;\u00e9changer sur ce sujet, n&rsquo;h\u00e9sitez pas \u00e0 nous <\/strong><a href=\"mailto:api.heleneboucher@gmail.com\" target=\"_blank\" rel=\"noreferrer noopener\"><strong>contacter ou de rejoindre<\/strong> l&rsquo;\u00e9quipe Parents API<\/a>.<\/span><\/p>\n\n\n\n<p><strong>Vos repr\u00e9sentants Parents API Maternelle et El\u00e9mentaire H\u00e9l\u00e8ne Boucher<\/strong><\/p>\n\n\n\n<p><\/p>\n\n\n\n<p><\/p>\n","protected":false},"excerpt":{"rendered":"<p>Chers Parents, vous trouverez au lien ci-dessous le compte rendu Parents API et le compte rendu de la Mairie que nous venons de recevoir de la derni\u00e8re r\u00e9union du 03\/02\/2022 avec les services de la Mairie concernant les probl\u00e9matiques de<\/p>\n","protected":false},"author":2,"featured_media":0,"comment_status":"closed","ping_status":"open","sticky":false,"template":"","format":"standard","meta":{"footnotes":""},"categories":[15],"tags":[],"class_list":["post-8714","post","type-post","status-publish","format-standard","hentry","category-actions-pe"],"_links":{"self":[{"href":"https:\/\/www.api-colomiers.com\/heleneboucher\/wp-json\/wp\/v2\/posts\/8714","targetHints":{"allow":["GET"]}}],"collection":[{"href":"https:\/\/www.api-colomiers.com\/heleneboucher\/wp-json\/wp\/v2\/posts"}],"about":[{"href":"https:\/\/www.api-colomiers.com\/heleneboucher\/wp-json\/wp\/v2\/types\/post"}],"author":[{"embeddable":true,"href":"https:\/\/www.api-colomiers.com\/heleneboucher\/wp-json\/wp\/v2\/users\/2"}],"replies":[{"embeddable":true,"href":"https:\/\/www.api-colomiers.com\/heleneboucher\/wp-json\/wp\/v2\/comments?post=8714"}],"version-history":[{"count":5,"href":"https:\/\/www.api-colomiers.com\/heleneboucher\/wp-json\/wp\/v2\/posts\/8714\/revisions"}],"predecessor-version":[{"id":8746,"href":"https:\/\/www.api-colomiers.com\/heleneboucher\/wp-json\/wp\/v2\/posts\/8714\/revisions\/8746"}],"wp:attachment":[{"href":"https:\/\/www.api-colomiers.com\/heleneboucher\/wp-json\/wp\/v2\/media?parent=8714"}],"wp:term":[{"taxonomy":"category","embeddable":true,"href":"https:\/\/www.api-colomiers.com\/heleneboucher\/wp-json\/wp\/v2\/categories?post=8714"},{"taxonomy":"post_tag","embeddable":true,"href":"https:\/\/www.api-colomiers.com\/heleneboucher\/wp-json\/wp\/v2\/tags?post=8714"}],"curies":[{"name":"wp","href":"https:\/\/api.w.org\/{rel}","templated":true}]}}