{"id":8675,"date":"2022-03-15T00:23:13","date_gmt":"2022-03-14T23:23:13","guid":{"rendered":"https:\/\/www.api-colomiers.com\/heleneboucher\/?p=8675"},"modified":"2022-03-15T00:23:13","modified_gmt":"2022-03-14T23:23:13","slug":"modification-du-protocole-sanitaire","status":"publish","type":"post","link":"https:\/\/www.api-colomiers.com\/heleneboucher\/modification-du-protocole-sanitaire\/","title":{"rendered":"Modification du protocole sanitaire"},"content":{"rendered":"\n<p><strong>A partir du 14 mars 2022, le&nbsp;protocole de niveau 1&nbsp;s&rsquo;applique dans les \u00e9coles du primaire ainsi que les coll\u00e8ges et lyc\u00e9es.<\/strong><\/p>\n\n\n\n<p><span class=\"has-inline-color has-vivid-cyan-blue-color\"><strong>Compte tenu de l&rsquo;\u00e9volution favorable de la situation sanitaire, l&rsquo;obligation du port du masque en int\u00e9rieur est \u00e9galement lev\u00e9e pour l&rsquo;ensemble des personnels ainsi que pour les coll\u00e9giens et lyc\u00e9ens.<\/strong><\/span><\/p>\n\n\n\n<p><strong>Les \u00e9l\u00e8ves qui le souhaitent peuvent continuer \u00e0 porter le masque.<\/strong><\/p>\n\n\n\n<p><strong><span class=\"has-inline-color has-vivid-red-color\">Attention, nous nous permettons de vous recommander une certaine vigilance,  le virus du covid circule encore parmi les \u00e9l\u00e8ves d&rsquo;H\u00e9l\u00e8ne Boucher.<\/span><\/strong><\/p>\n\n\n\n<div class=\"wp-block-image\"><figure class=\"aligncenter size-large is-resized\"><a href=\"https:\/\/www.api-colomiers.com\/heleneboucher\/wp-content\/uploads\/2022\/03\/Protocole-sanitaire-Mars-2022.jpg\"><img loading=\"lazy\" decoding=\"async\" src=\"https:\/\/www.api-colomiers.com\/heleneboucher\/wp-content\/uploads\/2022\/03\/Protocole-sanitaire-Mars-2022-724x1024.jpg\" alt=\"\" class=\"wp-image-8677\" width=\"776\" height=\"1098\" srcset=\"https:\/\/www.api-colomiers.com\/heleneboucher\/wp-content\/uploads\/2022\/03\/Protocole-sanitaire-Mars-2022-724x1024.jpg 724w, https:\/\/www.api-colomiers.com\/heleneboucher\/wp-content\/uploads\/2022\/03\/Protocole-sanitaire-Mars-2022-212x300.jpg 212w, https:\/\/www.api-colomiers.com\/heleneboucher\/wp-content\/uploads\/2022\/03\/Protocole-sanitaire-Mars-2022-768x1086.jpg 768w, https:\/\/www.api-colomiers.com\/heleneboucher\/wp-content\/uploads\/2022\/03\/Protocole-sanitaire-Mars-2022-600x849.jpg 600w, https:\/\/www.api-colomiers.com\/heleneboucher\/wp-content\/uploads\/2022\/03\/Protocole-sanitaire-Mars-2022-1086x1536.jpg 1086w, https:\/\/www.api-colomiers.com\/heleneboucher\/wp-content\/uploads\/2022\/03\/Protocole-sanitaire-Mars-2022.jpg 1240w\" sizes=\"auto, (max-width: 776px) 100vw, 776px\" \/><\/a><\/figure><\/div>\n","protected":false},"excerpt":{"rendered":"<p>A partir du 14 mars 2022, le&nbsp;protocole de niveau 1&nbsp;s&rsquo;applique dans les \u00e9coles du primaire ainsi que les coll\u00e8ges et lyc\u00e9es. Compte tenu de l&rsquo;\u00e9volution favorable de la situation sanitaire, l&rsquo;obligation du port du masque en int\u00e9rieur est \u00e9galement lev\u00e9e<\/p>\n","protected":false},"author":2,"featured_media":0,"comment_status":"closed","ping_status":"open","sticky":false,"template":"","format":"standard","meta":{"footnotes":""},"categories":[35,36,8,20],"tags":[],"class_list":["post-8675","post","type-post","status-publish","format-standard","hentry","category-alae","category-conseils-de-parents","category-maternelle","category-primaire"],"_links":{"self":[{"href":"https:\/\/www.api-colomiers.com\/heleneboucher\/wp-json\/wp\/v2\/posts\/8675","targetHints":{"allow":["GET"]}}],"collection":[{"href":"https:\/\/www.api-colomiers.com\/heleneboucher\/wp-json\/wp\/v2\/posts"}],"about":[{"href":"https:\/\/www.api-colomiers.com\/heleneboucher\/wp-json\/wp\/v2\/types\/post"}],"author":[{"embeddable":true,"href":"https:\/\/www.api-colomiers.com\/heleneboucher\/wp-json\/wp\/v2\/users\/2"}],"replies":[{"embeddable":true,"href":"https:\/\/www.api-colomiers.com\/heleneboucher\/wp-json\/wp\/v2\/comments?post=8675"}],"version-history":[{"count":4,"href":"https:\/\/www.api-colomiers.com\/heleneboucher\/wp-json\/wp\/v2\/posts\/8675\/revisions"}],"predecessor-version":[{"id":8680,"href":"https:\/\/www.api-colomiers.com\/heleneboucher\/wp-json\/wp\/v2\/posts\/8675\/revisions\/8680"}],"wp:attachment":[{"href":"https:\/\/www.api-colomiers.com\/heleneboucher\/wp-json\/wp\/v2\/media?parent=8675"}],"wp:term":[{"taxonomy":"category","embeddable":true,"href":"https:\/\/www.api-colomiers.com\/heleneboucher\/wp-json\/wp\/v2\/categories?post=8675"},{"taxonomy":"post_tag","embeddable":true,"href":"https:\/\/www.api-colomiers.com\/heleneboucher\/wp-json\/wp\/v2\/tags?post=8675"}],"curies":[{"name":"wp","href":"https:\/\/api.w.org\/{rel}","templated":true}]}}