{"id":8640,"date":"2022-03-15T00:23:38","date_gmt":"2022-03-14T23:23:38","guid":{"rendered":"https:\/\/www.api-colomiers.com\/heleneboucher\/?p=8640"},"modified":"2022-03-15T19:10:09","modified_gmt":"2022-03-15T18:10:09","slug":"comptes-rendus-des-conseils-decole-fevrier-2022","status":"publish","type":"post","link":"https:\/\/www.api-colomiers.com\/heleneboucher\/comptes-rendus-des-conseils-decole-fevrier-2022\/","title":{"rendered":"Comptes-rendus des Conseils d\u2019\u00e9cole \u2013 F\u00e9vrier 2022"},"content":{"rendered":"\n<p><strong><span class=\"has-inline-color has-luminous-vivid-orange-color\">Les 2\u00e8mes Conseils d\u2019\u00e9cole \u00e9l\u00e9mentaire et maternelle ont eu lieu, voici les comptes-rendus :<\/span><\/strong><\/p>\n\n\n\n<p><strong><a rel=\"noreferrer noopener\" href=\"https:\/\/www.api-colomiers.com\/heleneboucher\/?page_id=23\" target=\"_blank\">PV CE <\/a><a href=\"https:\/\/www.api-colomiers.com\/heleneboucher\/?page_id=23\" target=\"_blank\" rel=\"noreferrer noopener\">M<\/a><a rel=\"noreferrer noopener\" href=\"https:\/\/www.api-colomiers.com\/heleneboucher\/?page_id=23\" target=\"_blank\">aternelle 10 f\u00e9vrier 2022<\/a><\/strong><\/p>\n\n\n\n<p><strong><a href=\"https:\/\/www.api-colomiers.com\/heleneboucher\/?page_id=102\" target=\"_blank\" rel=\"noreferrer noopener\">PV CE El\u00e9mentaire 15 f\u00e9vrier 2022<\/a><\/strong><\/p>\n","protected":false},"excerpt":{"rendered":"<p>Les 2\u00e8mes Conseils d\u2019\u00e9cole \u00e9l\u00e9mentaire et maternelle ont eu lieu, voici les comptes-rendus : PV CE Maternelle 10 f\u00e9vrier 2022 PV CE El\u00e9mentaire 15 f\u00e9vrier 2022<\/p>\n","protected":false},"author":2,"featured_media":0,"comment_status":"closed","ping_status":"open","sticky":false,"template":"","format":"standard","meta":{"footnotes":""},"categories":[8,20],"tags":[],"class_list":["post-8640","post","type-post","status-publish","format-standard","hentry","category-maternelle","category-primaire"],"_links":{"self":[{"href":"https:\/\/www.api-colomiers.com\/heleneboucher\/wp-json\/wp\/v2\/posts\/8640","targetHints":{"allow":["GET"]}}],"collection":[{"href":"https:\/\/www.api-colomiers.com\/heleneboucher\/wp-json\/wp\/v2\/posts"}],"about":[{"href":"https:\/\/www.api-colomiers.com\/heleneboucher\/wp-json\/wp\/v2\/types\/post"}],"author":[{"embeddable":true,"href":"https:\/\/www.api-colomiers.com\/heleneboucher\/wp-json\/wp\/v2\/users\/2"}],"replies":[{"embeddable":true,"href":"https:\/\/www.api-colomiers.com\/heleneboucher\/wp-json\/wp\/v2\/comments?post=8640"}],"version-history":[{"count":7,"href":"https:\/\/www.api-colomiers.com\/heleneboucher\/wp-json\/wp\/v2\/posts\/8640\/revisions"}],"predecessor-version":[{"id":9119,"href":"https:\/\/www.api-colomiers.com\/heleneboucher\/wp-json\/wp\/v2\/posts\/8640\/revisions\/9119"}],"wp:attachment":[{"href":"https:\/\/www.api-colomiers.com\/heleneboucher\/wp-json\/wp\/v2\/media?parent=8640"}],"wp:term":[{"taxonomy":"category","embeddable":true,"href":"https:\/\/www.api-colomiers.com\/heleneboucher\/wp-json\/wp\/v2\/categories?post=8640"},{"taxonomy":"post_tag","embeddable":true,"href":"https:\/\/www.api-colomiers.com\/heleneboucher\/wp-json\/wp\/v2\/tags?post=8640"}],"curies":[{"name":"wp","href":"https:\/\/api.w.org\/{rel}","templated":true}]}}