{"id":8580,"date":"2022-03-06T11:27:27","date_gmt":"2022-03-06T10:27:27","guid":{"rendered":"https:\/\/www.api-colomiers.com\/heleneboucher\/?p=8580"},"modified":"2022-03-06T11:27:28","modified_gmt":"2022-03-06T10:27:28","slug":"carnaval-2022-a-colomiers","status":"publish","type":"post","link":"https:\/\/www.api-colomiers.com\/heleneboucher\/carnaval-2022-a-colomiers\/","title":{"rendered":"Carnaval 2022 \u00e0 Colomiers !"},"content":{"rendered":"\n<div class=\"wp-block-image\"><figure class=\"alignright size-full is-resized\"><a href=\"https:\/\/www.api-colomiers.com\/heleneboucher\/wp-content\/uploads\/2022\/02\/masque-carnaval.jpg\"><img loading=\"lazy\" decoding=\"async\" src=\"https:\/\/www.api-colomiers.com\/heleneboucher\/wp-content\/uploads\/2022\/02\/masque-carnaval.jpg\" alt=\"\" class=\"wp-image-8581\" width=\"197\" height=\"181\" srcset=\"https:\/\/www.api-colomiers.com\/heleneboucher\/wp-content\/uploads\/2022\/02\/masque-carnaval.jpg 635w, https:\/\/www.api-colomiers.com\/heleneboucher\/wp-content\/uploads\/2022\/02\/masque-carnaval-300x276.jpg 300w, https:\/\/www.api-colomiers.com\/heleneboucher\/wp-content\/uploads\/2022\/02\/masque-carnaval-600x553.jpg 600w\" sizes=\"auto, (max-width: 197px) 100vw, 197px\" \/><\/a><\/figure><\/div>\n\n\n\n<p><span class=\"has-inline-color has-luminous-vivid-orange-color\"><strong>Le dimanche 6 mars<\/strong> <strong>2022 <\/strong><\/span>se d\u00e9roulera \u00e0 Colomiers le traditionnel&nbsp;<strong>Carnaval organis\u00e9 par la F\u00e9d\u00e9ration Associ<\/strong>ative Colum\u00e9rine.<\/p>\n\n\n\n<p>Color\u00e9 \u00e0 souhait, grim\u00e9 \u00e0 volont\u00e9, chacun peut rev\u00eatir&nbsp;le costume de son choix, avec pour&nbsp;seule consigne&nbsp;: &nbsp;humour, po\u00e9sie et, surtout&nbsp;beaucoup de fantaisie<\/p>\n\n\n\n<p>Cette ann\u00e9e et de fa\u00e7on humoristique, les organisateurs ont choisi de r\u00e9aliser le char du vilain grand Monsieur Carnaval en \u00ab&nbsp;Virus Covid&nbsp;\u00bb et comme le veut la tradition, il sera br\u00fbl\u00e9 pour f\u00eater l\u2019arriv\u00e9e du printemps.<\/p>\n\n\n\n<p><strong><span class=\"has-inline-color has-vivid-red-color\">La parade partira de la place des f\u00eates \u00e0 15h.<\/span><\/strong><\/p>\n","protected":false},"excerpt":{"rendered":"<p>Le dimanche 6 mars 2022 se d\u00e9roulera \u00e0 Colomiers le traditionnel&nbsp;Carnaval organis\u00e9 par la F\u00e9d\u00e9ration Associative Colum\u00e9rine. Color\u00e9 \u00e0 souhait, grim\u00e9 \u00e0 volont\u00e9, chacun peut rev\u00eatir&nbsp;le costume de son choix, avec pour&nbsp;seule consigne&nbsp;: &nbsp;humour, po\u00e9sie et, surtout&nbsp;beaucoup de fantaisie Cette<\/p>\n","protected":false},"author":2,"featured_media":0,"comment_status":"closed","ping_status":"open","sticky":false,"template":"","format":"standard","meta":{"footnotes":""},"categories":[19],"tags":[],"class_list":["post-8580","post","type-post","status-publish","format-standard","hentry","category-sortie"],"_links":{"self":[{"href":"https:\/\/www.api-colomiers.com\/heleneboucher\/wp-json\/wp\/v2\/posts\/8580","targetHints":{"allow":["GET"]}}],"collection":[{"href":"https:\/\/www.api-colomiers.com\/heleneboucher\/wp-json\/wp\/v2\/posts"}],"about":[{"href":"https:\/\/www.api-colomiers.com\/heleneboucher\/wp-json\/wp\/v2\/types\/post"}],"author":[{"embeddable":true,"href":"https:\/\/www.api-colomiers.com\/heleneboucher\/wp-json\/wp\/v2\/users\/2"}],"replies":[{"embeddable":true,"href":"https:\/\/www.api-colomiers.com\/heleneboucher\/wp-json\/wp\/v2\/comments?post=8580"}],"version-history":[{"count":2,"href":"https:\/\/www.api-colomiers.com\/heleneboucher\/wp-json\/wp\/v2\/posts\/8580\/revisions"}],"predecessor-version":[{"id":8626,"href":"https:\/\/www.api-colomiers.com\/heleneboucher\/wp-json\/wp\/v2\/posts\/8580\/revisions\/8626"}],"wp:attachment":[{"href":"https:\/\/www.api-colomiers.com\/heleneboucher\/wp-json\/wp\/v2\/media?parent=8580"}],"wp:term":[{"taxonomy":"category","embeddable":true,"href":"https:\/\/www.api-colomiers.com\/heleneboucher\/wp-json\/wp\/v2\/categories?post=8580"},{"taxonomy":"post_tag","embeddable":true,"href":"https:\/\/www.api-colomiers.com\/heleneboucher\/wp-json\/wp\/v2\/tags?post=8580"}],"curies":[{"name":"wp","href":"https:\/\/api.w.org\/{rel}","templated":true}]}}