{"id":8288,"date":"2021-11-23T20:55:40","date_gmt":"2021-11-23T19:55:40","guid":{"rendered":"http:\/\/www.api-colomiers.com\/heleneboucher\/?p=8288"},"modified":"2021-11-23T20:55:41","modified_gmt":"2021-11-23T19:55:41","slug":"les-sorties-du-week-end-27-et-28-novembre-2021","status":"publish","type":"post","link":"https:\/\/www.api-colomiers.com\/heleneboucher\/les-sorties-du-week-end-27-et-28-novembre-2021\/","title":{"rendered":"Les sorties du week-end &#8211; 27 et 28 novembre 2021"},"content":{"rendered":"\n<p> <strong><span class=\"has-inline-color has-vivid-red-color\">&#8211; 27\/11 &#8211; TROC JOUETS : <\/span><\/strong> <\/p>\n\n\n\n<p>Profitez du Troc jouets organis\u00e9 par la Ville de Colomiers, dans le cadre du mois de l&rsquo;Economie Sociale et Solidaire.<br>Faites des affaires et une bonne action en achetant des jouets, des accessoires et v\u00eatements de sport d&rsquo;occasion pour vos enfants ou vos proches.<br><strong><span class=\"has-inline-color has-vivid-cyan-blue-color\">8h30-12h30 \/ Salle Pierre-Satg\u00e9<br><\/span><\/strong>Renseignements\u00a0: P\u00f4le Vie citoyenne et solidarit\u00e9 &#8211; 05 61 15 31 85\u00a0<\/p>\n\n\n\n<p><strong><span class=\"has-inline-color has-vivid-red-color\">&#8211; 28\/11 &#8211; CONCERT GRATUIT : <\/span><\/strong><\/p>\n\n\n\n<p>Les \u00e9l\u00e8ves&nbsp;du&nbsp;<a href=\"https:\/\/www.facebook.com\/conservatoiredutarn\/?__cft__[0]=AZXomHMC0a4MWSdnWbbqsAw7d4qtn1DQp1QB6UAo7W2jb0mMgrVhiA46uqgNaMQQYFz-mZsJGpPwCZw0YWV7cCRhA2xJbnp-Q9JJpezgF_aWnrufjcJ3nFoH7Ig3Us4UqR8Mz_amy7zIeB9iSY7v14_a&amp;__tn__=kK-R\" target=\"_blank\" rel=\"noreferrer noopener\">Conservatoire de Musique et de Danse du Tarn<\/a>&nbsp;et du&nbsp;<a href=\"https:\/\/www.facebook.com\/ConservatoireColomiers?__cft__[0]=AZXomHMC0a4MWSdnWbbqsAw7d4qtn1DQp1QB6UAo7W2jb0mMgrVhiA46uqgNaMQQYFz-mZsJGpPwCZw0YWV7cCRhA2xJbnp-Q9JJpezgF_aWnrufjcJ3nFoH7Ig3Us4UqR8Mz_amy7zIeB9iSY7v14_a&amp;__tn__=-]K-R\" target=\"_blank\" rel=\"noreferrer noopener\">Conservatoire \u00e0 rayonnement communal de Colomiers<\/a>&nbsp;pr\u00e9sentent <strong><a href=\"https:\/\/www.ville-colomiers.fr\/index.php?id=548&amp;tx_news_pi1%5Baction%5D=detail&amp;tx_news_pi1%5Bcontroller%5D=News&amp;tx_news_pi1%5Bnews%5D=2867&amp;cHash=3b970d9829cde27a19ba60555c0c495e\" target=\"_blank\" rel=\"noreferrer noopener\">un conte musical <\/a>\u00ab\u00a0Cache-Printemps\u00a0\u00bb<\/strong>.<br><span class=\"has-inline-color has-vivid-cyan-blue-color\"><strong>11h &#8211;<\/strong> <strong>Auditorium Jean Cayrou<\/strong>,<\/span> 26 rue Gilet 31770 Colomiers<br>R\u00e9servations au 05 61 15 22 86 \/ conservatoire@colomiers.fr<\/p>\n\n\n\n<p><strong><span class=\"has-inline-color has-vivid-red-color\">&#8211; Concours D\u00e9co de No\u00ebl : <\/span><\/strong><\/p>\n\n\n\n<p><span class=\"has-inline-color has-vivid-cyan-blue-color\"><strong>D\u00e9corez votre balcon ou votre jardin et inscrivez-vous au concours avant le 12 d\u00e9cembre<\/strong> <strong>!<\/strong><br><\/span>Le principe est simple : les d\u00e9corations offertes aux yeux des passants doivent \u00eatre&nbsp;visibles depuis la voirie, \u00e0 faible consommation d&rsquo;\u00e9nergie&nbsp;et&nbsp;si possible&nbsp;utiliser des&nbsp;mat\u00e9riaux de r\u00e9cup\u00e9ration. De nombreux lots et bons d&rsquo;achat&nbsp;sont \u00e0 gagner !<br><strong><a href=\"https:\/\/www.ville-colomiers.fr\/index.php?id=548&amp;tx_news_pi1%5Baction%5D=detail&amp;tx_news_pi1%5Bcontroller%5D=News&amp;tx_news_pi1%5Bnews%5D=2824&amp;cHash=0820bce78b74881fac2aeab579ed20ea\" target=\"_blank\" rel=\"noreferrer noopener\">Plus d&rsquo;infos ICI<\/a><\/strong><\/p>\n","protected":false},"excerpt":{"rendered":"<p>&#8211; 27\/11 &#8211; TROC JOUETS : Profitez du Troc jouets organis\u00e9 par la Ville de Colomiers, dans le cadre du mois de l&rsquo;Economie Sociale et Solidaire.Faites des affaires et une bonne action en achetant des jouets, des accessoires et v\u00eatements<\/p>\n","protected":false},"author":2,"featured_media":0,"comment_status":"closed","ping_status":"open","sticky":false,"template":"","format":"standard","meta":{"footnotes":""},"categories":[38,19],"tags":[],"class_list":["post-8288","post","type-post","status-publish","format-standard","hentry","category-decouverte-activite","category-sortie"],"_links":{"self":[{"href":"https:\/\/www.api-colomiers.com\/heleneboucher\/wp-json\/wp\/v2\/posts\/8288","targetHints":{"allow":["GET"]}}],"collection":[{"href":"https:\/\/www.api-colomiers.com\/heleneboucher\/wp-json\/wp\/v2\/posts"}],"about":[{"href":"https:\/\/www.api-colomiers.com\/heleneboucher\/wp-json\/wp\/v2\/types\/post"}],"author":[{"embeddable":true,"href":"https:\/\/www.api-colomiers.com\/heleneboucher\/wp-json\/wp\/v2\/users\/2"}],"replies":[{"embeddable":true,"href":"https:\/\/www.api-colomiers.com\/heleneboucher\/wp-json\/wp\/v2\/comments?post=8288"}],"version-history":[{"count":0,"href":"https:\/\/www.api-colomiers.com\/heleneboucher\/wp-json\/wp\/v2\/posts\/8288\/revisions"}],"wp:attachment":[{"href":"https:\/\/www.api-colomiers.com\/heleneboucher\/wp-json\/wp\/v2\/media?parent=8288"}],"wp:term":[{"taxonomy":"category","embeddable":true,"href":"https:\/\/www.api-colomiers.com\/heleneboucher\/wp-json\/wp\/v2\/categories?post=8288"},{"taxonomy":"post_tag","embeddable":true,"href":"https:\/\/www.api-colomiers.com\/heleneboucher\/wp-json\/wp\/v2\/tags?post=8288"}],"curies":[{"name":"wp","href":"https:\/\/api.w.org\/{rel}","templated":true}]}}