{"id":8175,"date":"2021-10-28T18:48:10","date_gmt":"2021-10-28T16:48:10","guid":{"rendered":"http:\/\/www.api-colomiers.com\/heleneboucher\/?p=8175"},"modified":"2021-10-28T18:48:11","modified_gmt":"2021-10-28T16:48:11","slug":"un-nouveau-cinema-a-colomiers","status":"publish","type":"post","link":"https:\/\/www.api-colomiers.com\/heleneboucher\/un-nouveau-cinema-a-colomiers\/","title":{"rendered":"Un nouveau cin\u00e9ma \u00e0 Colomiers"},"content":{"rendered":"\n<div class=\"wp-block-image\"><figure class=\"alignright is-resized\"><img loading=\"lazy\" decoding=\"async\" src=\"https:\/\/fr.web.img3.acsta.net\/r_800_600\/pictures\/20\/10\/30\/14\/00\/2550303.jpg\" alt=\"Le Peuple Loup\" width=\"114\" height=\"152\"\/><\/figure><\/div>\n\n\n\n<p>Le nouveau cin\u00e9ma de Colomiers, le <strong>Grand Central <\/strong>a ouvert ses portes le week-end dernier.<\/p>\n\n\n\n<p><strong><span class=\"has-inline-color has-luminous-vivid-orange-color\">Pendant ces vacances, des films pour enfants y sont projet\u00e9s, il y en a pour tous les \u00e2ges !<\/span><\/strong><\/p>\n\n\n\n<div class=\"wp-block-image\"><figure class=\"alignleft is-resized\"><img loading=\"lazy\" decoding=\"async\" src=\"https:\/\/fr.web.img6.acsta.net\/r_800_600\/pictures\/21\/08\/04\/17\/09\/5556753.jpg\" alt=\"Z\u00e9bulon et les m\u00e9decins volants\" width=\"130\" height=\"173\"\/><\/figure><\/div>\n\n\n\n<p>Au programme :<br><strong>&#8211; Le peuple Loup<br>&#8211; Ron d\u00e9bloque<\/strong><br><strong>-Le tr\u00e9sor du Petit Nicolas<br>&#8211; Z\u00e9bulon et les m\u00e9decins volants<br>&#8211; La famille Addams 2<br>&#8211; Le loup et le lion<br>&#8211; Pil<\/strong><\/p>\n\n\n\n<p><strong>Plus d&rsquo;infos <a href=\"https:\/\/www.veocinemas.fr\/grand-central-colomiers\/horaires\/\" target=\"_blank\" rel=\"noreferrer noopener\">ICI<\/a><\/strong><br><br><\/p>\n","protected":false},"excerpt":{"rendered":"<p>Le nouveau cin\u00e9ma de Colomiers, le Grand Central a ouvert ses portes le week-end dernier. Pendant ces vacances, des films pour enfants y sont projet\u00e9s, il y en a pour tous les \u00e2ges ! Au programme :&#8211; Le peuple Loup&#8211;<\/p>\n","protected":false},"author":2,"featured_media":0,"comment_status":"closed","ping_status":"open","sticky":false,"template":"","format":"standard","meta":{"footnotes":""},"categories":[19],"tags":[],"class_list":["post-8175","post","type-post","status-publish","format-standard","hentry","category-sortie"],"_links":{"self":[{"href":"https:\/\/www.api-colomiers.com\/heleneboucher\/wp-json\/wp\/v2\/posts\/8175","targetHints":{"allow":["GET"]}}],"collection":[{"href":"https:\/\/www.api-colomiers.com\/heleneboucher\/wp-json\/wp\/v2\/posts"}],"about":[{"href":"https:\/\/www.api-colomiers.com\/heleneboucher\/wp-json\/wp\/v2\/types\/post"}],"author":[{"embeddable":true,"href":"https:\/\/www.api-colomiers.com\/heleneboucher\/wp-json\/wp\/v2\/users\/2"}],"replies":[{"embeddable":true,"href":"https:\/\/www.api-colomiers.com\/heleneboucher\/wp-json\/wp\/v2\/comments?post=8175"}],"version-history":[{"count":0,"href":"https:\/\/www.api-colomiers.com\/heleneboucher\/wp-json\/wp\/v2\/posts\/8175\/revisions"}],"wp:attachment":[{"href":"https:\/\/www.api-colomiers.com\/heleneboucher\/wp-json\/wp\/v2\/media?parent=8175"}],"wp:term":[{"taxonomy":"category","embeddable":true,"href":"https:\/\/www.api-colomiers.com\/heleneboucher\/wp-json\/wp\/v2\/categories?post=8175"},{"taxonomy":"post_tag","embeddable":true,"href":"https:\/\/www.api-colomiers.com\/heleneboucher\/wp-json\/wp\/v2\/tags?post=8175"}],"curies":[{"name":"wp","href":"https:\/\/api.w.org\/{rel}","templated":true}]}}