{"id":8126,"date":"2021-10-18T22:53:00","date_gmt":"2021-10-18T20:53:00","guid":{"rendered":"http:\/\/www.api-colomiers.com\/heleneboucher\/?p=8126"},"modified":"2021-10-18T22:53:01","modified_gmt":"2021-10-18T20:53:01","slug":"recensement-scolaire-des-enfants-nes-en-2019","status":"publish","type":"post","link":"https:\/\/www.api-colomiers.com\/heleneboucher\/recensement-scolaire-des-enfants-nes-en-2019\/","title":{"rendered":"Recensement Scolaire des Enfants n\u00e9s en 2019"},"content":{"rendered":"\n<p><span class=\"has-inline-color has-vivid-red-color\"><strong>Votre enfant a 2 ans cette ann\u00e9e ? <\/strong><\/span><\/p>\n\n\n\n<p><strong>La Ville de Colomiers effectue un recensement des enfants n\u00e9s&nbsp;2019, habitant Colomiers au 1er septembre 2022,<\/strong> dans le cadre de la pr\u00e9paration de la rentr\u00e9e scolaire 2022 en petite section de maternelle.<\/p>\n\n\n\n<p>Merci aux parents de compl\u00e9ter le formulaire suivant\u00a0<strong>avant le 30 octobre 2021.<\/strong><\/p>\n\n\n\n<p><a href=\"https:\/\/www.ville-colomiers.fr\/mes-demarches\/education\/recensement-scolaire-rentree-scolaire-2022-1376.html\" target=\"_blank\" rel=\"noreferrer noopener\"><strong>FORMULAIRE<\/strong><\/a><\/p>\n","protected":false},"excerpt":{"rendered":"<p>Votre enfant a 2 ans cette ann\u00e9e ? La Ville de Colomiers effectue un recensement des enfants n\u00e9s&nbsp;2019, habitant Colomiers au 1er septembre 2022, dans le cadre de la pr\u00e9paration de la rentr\u00e9e scolaire 2022 en petite section de maternelle.<\/p>\n","protected":false},"author":2,"featured_media":0,"comment_status":"closed","ping_status":"open","sticky":false,"template":"","format":"standard","meta":{"footnotes":""},"categories":[8],"tags":[],"class_list":["post-8126","post","type-post","status-publish","format-standard","hentry","category-maternelle"],"_links":{"self":[{"href":"https:\/\/www.api-colomiers.com\/heleneboucher\/wp-json\/wp\/v2\/posts\/8126","targetHints":{"allow":["GET"]}}],"collection":[{"href":"https:\/\/www.api-colomiers.com\/heleneboucher\/wp-json\/wp\/v2\/posts"}],"about":[{"href":"https:\/\/www.api-colomiers.com\/heleneboucher\/wp-json\/wp\/v2\/types\/post"}],"author":[{"embeddable":true,"href":"https:\/\/www.api-colomiers.com\/heleneboucher\/wp-json\/wp\/v2\/users\/2"}],"replies":[{"embeddable":true,"href":"https:\/\/www.api-colomiers.com\/heleneboucher\/wp-json\/wp\/v2\/comments?post=8126"}],"version-history":[{"count":0,"href":"https:\/\/www.api-colomiers.com\/heleneboucher\/wp-json\/wp\/v2\/posts\/8126\/revisions"}],"wp:attachment":[{"href":"https:\/\/www.api-colomiers.com\/heleneboucher\/wp-json\/wp\/v2\/media?parent=8126"}],"wp:term":[{"taxonomy":"category","embeddable":true,"href":"https:\/\/www.api-colomiers.com\/heleneboucher\/wp-json\/wp\/v2\/categories?post=8126"},{"taxonomy":"post_tag","embeddable":true,"href":"https:\/\/www.api-colomiers.com\/heleneboucher\/wp-json\/wp\/v2\/tags?post=8126"}],"curies":[{"name":"wp","href":"https:\/\/api.w.org\/{rel}","templated":true}]}}