{"id":8050,"date":"2021-10-13T21:45:16","date_gmt":"2021-10-13T19:45:16","guid":{"rendered":"http:\/\/www.api-colomiers.com\/heleneboucher\/?p=8050"},"modified":"2021-10-13T21:45:17","modified_gmt":"2021-10-13T19:45:17","slug":"rappel-vente-de-gateaux-besoin-de-vous","status":"publish","type":"post","link":"https:\/\/www.api-colomiers.com\/heleneboucher\/rappel-vente-de-gateaux-besoin-de-vous\/","title":{"rendered":"Rappel Vente de g\u00e2teaux &#8211; Besoin de vous !"},"content":{"rendered":"\n<div class=\"wp-block-image is-style-default\"><figure class=\"alignright size-large is-resized\"><a href=\"https:\/\/www.api-colomiers.com\/heleneboucher\/wp-content\/uploads\/2021\/10\/crepes.png\"><img loading=\"lazy\" decoding=\"async\" src=\"https:\/\/www.api-colomiers.com\/heleneboucher\/wp-content\/uploads\/2021\/10\/crepes.png\" alt=\"\" class=\"wp-image-8052\" width=\"99\" height=\"91\" srcset=\"https:\/\/www.api-colomiers.com\/heleneboucher\/wp-content\/uploads\/2021\/10\/crepes.png 435w, https:\/\/www.api-colomiers.com\/heleneboucher\/wp-content\/uploads\/2021\/10\/crepes-300x276.png 300w\" sizes=\"auto, (max-width: 99px) 100vw, 99px\" \/><\/a><\/figure><\/div>\n\n\n\n<p><strong><span class=\"has-inline-color has-luminous-vivid-orange-color\">Nous avons besoin de vous pour pr\u00e9parer des g\u00e2teaux sucr\u00e9s \u00abFait-Maison\u00bb uniquement.&nbsp;<\/span><\/strong><\/p>\n\n\n\n<p><strong>D\u00e9posez vos pr\u00e9parations le vendredi 15 octobre<\/strong> aupr\u00e8s des professeurs ou dans le hall des \u00e9coles maternelle et primaire.<\/p>\n\n\n\n<p><strong>Nous les vendrons au march\u00e9 <\/strong>de Colomiers ce samedi 16 octobre<strong>\u00a0afin de financer les projets et sorties scolaires !<\/strong><\/p>\n\n\n\n<p><strong><span class=\"has-inline-color has-vivid-cyan-blue-color\">Merci d&rsquo;avance de votre participation !<br><\/span><\/strong><\/p>\n","protected":false},"excerpt":{"rendered":"<p>Nous avons besoin de vous pour pr\u00e9parer des g\u00e2teaux sucr\u00e9s \u00abFait-Maison\u00bb uniquement.&nbsp; D\u00e9posez vos pr\u00e9parations le vendredi 15 octobre aupr\u00e8s des professeurs ou dans le hall des \u00e9coles maternelle et primaire. Nous les vendrons au march\u00e9 de Colomiers ce samedi<\/p>\n","protected":false},"author":2,"featured_media":0,"comment_status":"closed","ping_status":"open","sticky":false,"template":"","format":"standard","meta":{"footnotes":""},"categories":[15,8,20],"tags":[],"class_list":["post-8050","post","type-post","status-publish","format-standard","hentry","category-actions-pe","category-maternelle","category-primaire"],"_links":{"self":[{"href":"https:\/\/www.api-colomiers.com\/heleneboucher\/wp-json\/wp\/v2\/posts\/8050","targetHints":{"allow":["GET"]}}],"collection":[{"href":"https:\/\/www.api-colomiers.com\/heleneboucher\/wp-json\/wp\/v2\/posts"}],"about":[{"href":"https:\/\/www.api-colomiers.com\/heleneboucher\/wp-json\/wp\/v2\/types\/post"}],"author":[{"embeddable":true,"href":"https:\/\/www.api-colomiers.com\/heleneboucher\/wp-json\/wp\/v2\/users\/2"}],"replies":[{"embeddable":true,"href":"https:\/\/www.api-colomiers.com\/heleneboucher\/wp-json\/wp\/v2\/comments?post=8050"}],"version-history":[{"count":0,"href":"https:\/\/www.api-colomiers.com\/heleneboucher\/wp-json\/wp\/v2\/posts\/8050\/revisions"}],"wp:attachment":[{"href":"https:\/\/www.api-colomiers.com\/heleneboucher\/wp-json\/wp\/v2\/media?parent=8050"}],"wp:term":[{"taxonomy":"category","embeddable":true,"href":"https:\/\/www.api-colomiers.com\/heleneboucher\/wp-json\/wp\/v2\/categories?post=8050"},{"taxonomy":"post_tag","embeddable":true,"href":"https:\/\/www.api-colomiers.com\/heleneboucher\/wp-json\/wp\/v2\/tags?post=8050"}],"curies":[{"name":"wp","href":"https:\/\/api.w.org\/{rel}","templated":true}]}}