{"id":8029,"date":"2021-10-10T21:01:25","date_gmt":"2021-10-10T19:01:25","guid":{"rendered":"http:\/\/www.api-colomiers.com\/heleneboucher\/?p=8029"},"modified":"2021-10-10T21:01:26","modified_gmt":"2021-10-10T19:01:26","slug":"cp-et-ce1-a-la-fete-du-battage","status":"publish","type":"post","link":"https:\/\/www.api-colomiers.com\/heleneboucher\/cp-et-ce1-a-la-fete-du-battage\/","title":{"rendered":"CP et CE1 \u00e0 la f\u00eate du Battage"},"content":{"rendered":"\n<div class=\"wp-block-image\"><figure class=\"alignleft size-large is-resized\"><a href=\"https:\/\/www.api-colomiers.com\/heleneboucher\/wp-content\/uploads\/2021\/10\/image-1.jpg\"><img loading=\"lazy\" decoding=\"async\" src=\"https:\/\/www.api-colomiers.com\/heleneboucher\/wp-content\/uploads\/2021\/10\/image-1.jpg\" alt=\"\" class=\"wp-image-8031\" width=\"79\" height=\"106\" srcset=\"https:\/\/www.api-colomiers.com\/heleneboucher\/wp-content\/uploads\/2021\/10\/image-1.jpg 493w, https:\/\/www.api-colomiers.com\/heleneboucher\/wp-content\/uploads\/2021\/10\/image-1-224x300.jpg 224w\" sizes=\"auto, (max-width: 79px) 100vw, 79px\" \/><\/a><\/figure><\/div>\n\n\n\n<p>Le 20 septembre dernier \u00e0&nbsp; l\u2019occasion de la f\u00eate des battages et <strong>gr\u00e2ce aux b\u00e9n\u00e9voles de la section battage \u00e0 l\u2019ancienne les classes CP et les CE1 ont particip\u00e9 au parc Duroch \u00e0 des ateliers sur le th\u00e8me de l\u2019artisanat rural.<\/strong><\/p>\n\n\n\n<div class=\"wp-block-image\"><figure class=\"alignright size-large is-resized\"><a href=\"https:\/\/www.api-colomiers.com\/heleneboucher\/wp-content\/uploads\/2021\/10\/image.jpg\"><img loading=\"lazy\" decoding=\"async\" src=\"https:\/\/www.api-colomiers.com\/heleneboucher\/wp-content\/uploads\/2021\/10\/image.jpg\" alt=\"\" class=\"wp-image-8030\" width=\"113\" height=\"84\" srcset=\"https:\/\/www.api-colomiers.com\/heleneboucher\/wp-content\/uploads\/2021\/10\/image.jpg 882w, https:\/\/www.api-colomiers.com\/heleneboucher\/wp-content\/uploads\/2021\/10\/image-300x222.jpg 300w, https:\/\/www.api-colomiers.com\/heleneboucher\/wp-content\/uploads\/2021\/10\/image-768x569.jpg 768w, https:\/\/www.api-colomiers.com\/heleneboucher\/wp-content\/uploads\/2021\/10\/image-600x444.jpg 600w\" sizes=\"auto, (max-width: 113px) 100vw, 113px\" \/><\/a><\/figure><\/div>\n\n\n\n<p><strong>Les enfants ont ainsi&nbsp; r\u00e9aliser de petites gerbes de bl\u00e9, d\u00e9couvert les diff\u00e9rentes \u00e9tapes dans la fabrication de la farine, confectionner leur propre miche de pain et enfin participer \u00e0 un atelier autour du miel.<\/strong><br>Seul b\u00e9mol la pluie qui a jou\u00e9 les invit\u00e9s surprise et qui n\u2019a pas permis le d\u00e9roulement de l\u2019atelier battage et la d\u00e9couverte des veilles machines agricoles.<\/p>\n\n\n\n<p>Plus tard en classe, ils ont pu manger le pain qu&rsquo;ils avaient fabriqu\u00e9.<\/p>\n","protected":false},"excerpt":{"rendered":"<p>Le 20 septembre dernier \u00e0&nbsp; l\u2019occasion de la f\u00eate des battages et gr\u00e2ce aux b\u00e9n\u00e9voles de la section battage \u00e0 l\u2019ancienne les classes CP et les CE1 ont particip\u00e9 au parc Duroch \u00e0 des ateliers sur le th\u00e8me de l\u2019artisanat<\/p>\n","protected":false},"author":2,"featured_media":0,"comment_status":"closed","ping_status":"open","sticky":false,"template":"","format":"standard","meta":{"footnotes":""},"categories":[20,19],"tags":[],"class_list":["post-8029","post","type-post","status-publish","format-standard","hentry","category-primaire","category-sortie"],"_links":{"self":[{"href":"https:\/\/www.api-colomiers.com\/heleneboucher\/wp-json\/wp\/v2\/posts\/8029","targetHints":{"allow":["GET"]}}],"collection":[{"href":"https:\/\/www.api-colomiers.com\/heleneboucher\/wp-json\/wp\/v2\/posts"}],"about":[{"href":"https:\/\/www.api-colomiers.com\/heleneboucher\/wp-json\/wp\/v2\/types\/post"}],"author":[{"embeddable":true,"href":"https:\/\/www.api-colomiers.com\/heleneboucher\/wp-json\/wp\/v2\/users\/2"}],"replies":[{"embeddable":true,"href":"https:\/\/www.api-colomiers.com\/heleneboucher\/wp-json\/wp\/v2\/comments?post=8029"}],"version-history":[{"count":0,"href":"https:\/\/www.api-colomiers.com\/heleneboucher\/wp-json\/wp\/v2\/posts\/8029\/revisions"}],"wp:attachment":[{"href":"https:\/\/www.api-colomiers.com\/heleneboucher\/wp-json\/wp\/v2\/media?parent=8029"}],"wp:term":[{"taxonomy":"category","embeddable":true,"href":"https:\/\/www.api-colomiers.com\/heleneboucher\/wp-json\/wp\/v2\/categories?post=8029"},{"taxonomy":"post_tag","embeddable":true,"href":"https:\/\/www.api-colomiers.com\/heleneboucher\/wp-json\/wp\/v2\/tags?post=8029"}],"curies":[{"name":"wp","href":"https:\/\/api.w.org\/{rel}","templated":true}]}}