{"id":7943,"date":"2021-10-10T21:01:54","date_gmt":"2021-10-10T19:01:54","guid":{"rendered":"http:\/\/www.api-colomiers.com\/heleneboucher\/?p=7943"},"modified":"2021-10-10T21:01:56","modified_gmt":"2021-10-10T19:01:56","slug":"defi-des-ecoles-au-lac-de-thoux-st-cricq","status":"publish","type":"post","link":"https:\/\/www.api-colomiers.com\/heleneboucher\/defi-des-ecoles-au-lac-de-thoux-st-cricq\/","title":{"rendered":"D\u00e9fi des \u00e9coles au Lac de Thoux-St Cricq"},"content":{"rendered":"\n<p><strong>Le dimanche 12 septembre, <span class=\"has-inline-color has-vivid-cyan-blue-color\">les \u00e9l\u00e8ves de CM1 <\/span>de l&rsquo;\u00e9cole H\u00e9l\u00e8ne Boucher se sont retrouv\u00e9s <span class=\"has-inline-color has-vivid-cyan-blue-color\">avec leurs enseignantes et Mme La Directrice<\/span> au Lac de Thoux-St Cricq.<\/strong><\/p>\n\n\n\n<p>Ils ont particip\u00e9 au <strong><span class=\"has-inline-color has-vivid-red-color\">\u00ab\u00a0D\u00e9fi des \u00e9coles : Construction de petits navires\u00a0\u00bb organis\u00e9 par le Club de voile.<\/span><\/strong><br>Ceci s&rsquo;inscrit dans le projet de cette ann\u00e9e \u00ab\u00a0Terre-Mer-Espace\u00a0\u00bb des CM.<\/p>\n\n\n\n<p>Les jours pr\u00e9c\u00e9dents, les enfants ont construits seul ou \u00e0 plusieurs, en classe ou \u00e0 la maison, des navires \u00e0 partir de mat\u00e9riaux r\u00e9cup\u00e9r\u00e9s.<\/p>\n\n\n\n<div class=\"wp-block-image\"><figure class=\"alignright size-large is-resized\"><a href=\"https:\/\/www.api-colomiers.com\/heleneboucher\/wp-content\/uploads\/2021\/09\/bateaux-scaled.jpg\"><img loading=\"lazy\" decoding=\"async\" src=\"https:\/\/www.api-colomiers.com\/heleneboucher\/wp-content\/uploads\/2021\/09\/bateaux-1024x566.jpg\" alt=\"\" class=\"wp-image-7948\" width=\"263\" height=\"145\" srcset=\"https:\/\/www.api-colomiers.com\/heleneboucher\/wp-content\/uploads\/2021\/09\/bateaux-1024x566.jpg 1024w, https:\/\/www.api-colomiers.com\/heleneboucher\/wp-content\/uploads\/2021\/09\/bateaux-300x166.jpg 300w, https:\/\/www.api-colomiers.com\/heleneboucher\/wp-content\/uploads\/2021\/09\/bateaux-768x424.jpg 768w, https:\/\/www.api-colomiers.com\/heleneboucher\/wp-content\/uploads\/2021\/09\/bateaux-600x332.jpg 600w, https:\/\/www.api-colomiers.com\/heleneboucher\/wp-content\/uploads\/2021\/09\/bateaux-1536x849.jpg 1536w, https:\/\/www.api-colomiers.com\/heleneboucher\/wp-content\/uploads\/2021\/09\/bateaux-2048x1132.jpg 2048w, https:\/\/www.api-colomiers.com\/heleneboucher\/wp-content\/uploads\/2021\/09\/bateaux-1320x729.jpg 1320w\" sizes=\"auto, (max-width: 263px) 100vw, 263px\" \/><\/a><\/figure><\/div>\n\n\n\n<p><strong>4 courses<\/strong> ont eu lieu :<br><strong>&#8211; Course des&nbsp;<em>Prototypes<\/em>&nbsp;: bateau construit seul \u00e0 la maison<br>&#8211; Course&nbsp;<em>Chantier Naval&nbsp;<\/em>: bateau construit \u00e0 plusieurs \u00e0 la maison<br>&#8211; Course&nbsp;<em>Construction Amateur<\/em>&nbsp;: bateau construit seul en classe<br>&#8211; Course Open : tous les bateaux<\/strong><\/p>\n\n\n\n<p><\/p>\n\n\n\n<p><strong><span class=\"has-inline-color has-vivid-cyan-blue-color\">Le club de voile a offert des lots aux gagnants<\/span> (sortie en paddle, en catamaran&#8230; sur le lac)<\/strong><\/p>\n\n\n\n<p><strong>La D\u00e9p\u00eache a publi\u00e9 un article sur ce d\u00e9fi :<\/strong> <strong><a href=\"https:\/\/www.ladepeche.fr\/2021\/09\/18\/le-defi-des-ecoles-a-eu-lieu-au-club-de-thoux-9797394.php\" target=\"_blank\" rel=\"noreferrer noopener\">ARTICLE<\/a><\/strong><\/p>\n\n\n\n<p><strong><span class=\"has-inline-color has-vivid-red-color\">Merci aux enseignantes et au club de voile pour l&rsquo;organisation de cet \u00e9v\u00e8nement !<\/span><\/strong><br><strong>Merci aux enfants et aux parents pour leur participation !<span class=\"has-inline-color has-vivid-red-color\"><br><\/span><\/strong><\/p>\n","protected":false},"excerpt":{"rendered":"<p>Le dimanche 12 septembre, les \u00e9l\u00e8ves de CM1 de l&rsquo;\u00e9cole H\u00e9l\u00e8ne Boucher se sont retrouv\u00e9s avec leurs enseignantes et Mme La Directrice au Lac de Thoux-St Cricq. Ils ont particip\u00e9 au \u00ab\u00a0D\u00e9fi des \u00e9coles : Construction de petits navires\u00a0\u00bb organis\u00e9<\/p>\n","protected":false},"author":2,"featured_media":0,"comment_status":"closed","ping_status":"open","sticky":false,"template":"","format":"standard","meta":{"footnotes":""},"categories":[38,20,19],"tags":[],"class_list":["post-7943","post","type-post","status-publish","format-standard","hentry","category-decouverte-activite","category-primaire","category-sortie"],"_links":{"self":[{"href":"https:\/\/www.api-colomiers.com\/heleneboucher\/wp-json\/wp\/v2\/posts\/7943","targetHints":{"allow":["GET"]}}],"collection":[{"href":"https:\/\/www.api-colomiers.com\/heleneboucher\/wp-json\/wp\/v2\/posts"}],"about":[{"href":"https:\/\/www.api-colomiers.com\/heleneboucher\/wp-json\/wp\/v2\/types\/post"}],"author":[{"embeddable":true,"href":"https:\/\/www.api-colomiers.com\/heleneboucher\/wp-json\/wp\/v2\/users\/2"}],"replies":[{"embeddable":true,"href":"https:\/\/www.api-colomiers.com\/heleneboucher\/wp-json\/wp\/v2\/comments?post=7943"}],"version-history":[{"count":0,"href":"https:\/\/www.api-colomiers.com\/heleneboucher\/wp-json\/wp\/v2\/posts\/7943\/revisions"}],"wp:attachment":[{"href":"https:\/\/www.api-colomiers.com\/heleneboucher\/wp-json\/wp\/v2\/media?parent=7943"}],"wp:term":[{"taxonomy":"category","embeddable":true,"href":"https:\/\/www.api-colomiers.com\/heleneboucher\/wp-json\/wp\/v2\/categories?post=7943"},{"taxonomy":"post_tag","embeddable":true,"href":"https:\/\/www.api-colomiers.com\/heleneboucher\/wp-json\/wp\/v2\/tags?post=7943"}],"curies":[{"name":"wp","href":"https:\/\/api.w.org\/{rel}","templated":true}]}}