{"id":7737,"date":"2021-06-22T18:44:12","date_gmt":"2021-06-22T16:44:12","guid":{"rendered":"http:\/\/www.api-colomiers.com\/heleneboucher\/?p=7737"},"modified":"2021-06-22T18:44:14","modified_gmt":"2021-06-22T16:44:14","slug":"masques-a-lecole","status":"publish","type":"post","link":"https:\/\/www.api-colomiers.com\/heleneboucher\/masques-a-lecole\/","title":{"rendered":"Masques \u00e0 l&rsquo;\u00e9cole"},"content":{"rendered":"\n<div class=\"wp-block-image\"><figure class=\"alignright is-resized\"><img loading=\"lazy\" decoding=\"async\" src=\"https:\/\/www.ville-petit-couronne.fr\/var\/ptic\/storage\/images\/services-en-ligne\/actualites\/port-du-masque\/241258-1-fre-FR\/Port-du-masque_zoom_colorbox.jpg\" alt=\"\" width=\"200\" height=\"134\"\/><\/figure><\/div>\n\n\n\n<p>Les r\u00e8gles sanitaires ont \u00e9volu\u00e9 concernant le port du masque en France.<\/p>\n\n\n\n<p>Cependant, nous vous rappelons que <strong><span class=\"has-inline-color has-vivid-red-color\">le masque est toujours obligatoire pour les adultes<\/span><\/strong> dans les situations suivantes :<\/p>\n\n\n\n<ul class=\"wp-block-list\"><li><span class=\"has-inline-color has-luminous-vivid-orange-color\">dans les \u00e9coles<\/span><\/li><li><span class=\"has-inline-color has-luminous-vivid-orange-color\">dans les cours des \u00e9coles <\/span><\/li><li><span class=\"has-inline-color has-luminous-vivid-orange-color\">devant les portails et aux abords des \u00e9coles aux heures d&rsquo;affluence<\/span> (entr\u00e9e et sortie d&rsquo;\u00e9cole)<\/li><\/ul>\n\n\n\n<p><span class=\"has-inline-color has-vivid-cyan-blue-color\">Nous vous remercions de votre coop\u00e9ration pour le respect de ces consignes.<\/span><\/p>\n","protected":false},"excerpt":{"rendered":"<p>Les r\u00e8gles sanitaires ont \u00e9volu\u00e9 concernant le port du masque en France. Cependant, nous vous rappelons que le masque est toujours obligatoire pour les adultes dans les situations suivantes : dans les \u00e9coles dans les cours des \u00e9coles devant les<\/p>\n","protected":false},"author":2,"featured_media":0,"comment_status":"closed","ping_status":"open","sticky":false,"template":"","format":"standard","meta":{"footnotes":""},"categories":[36,8,20],"tags":[],"class_list":["post-7737","post","type-post","status-publish","format-standard","hentry","category-conseils-de-parents","category-maternelle","category-primaire"],"_links":{"self":[{"href":"https:\/\/www.api-colomiers.com\/heleneboucher\/wp-json\/wp\/v2\/posts\/7737","targetHints":{"allow":["GET"]}}],"collection":[{"href":"https:\/\/www.api-colomiers.com\/heleneboucher\/wp-json\/wp\/v2\/posts"}],"about":[{"href":"https:\/\/www.api-colomiers.com\/heleneboucher\/wp-json\/wp\/v2\/types\/post"}],"author":[{"embeddable":true,"href":"https:\/\/www.api-colomiers.com\/heleneboucher\/wp-json\/wp\/v2\/users\/2"}],"replies":[{"embeddable":true,"href":"https:\/\/www.api-colomiers.com\/heleneboucher\/wp-json\/wp\/v2\/comments?post=7737"}],"version-history":[{"count":0,"href":"https:\/\/www.api-colomiers.com\/heleneboucher\/wp-json\/wp\/v2\/posts\/7737\/revisions"}],"wp:attachment":[{"href":"https:\/\/www.api-colomiers.com\/heleneboucher\/wp-json\/wp\/v2\/media?parent=7737"}],"wp:term":[{"taxonomy":"category","embeddable":true,"href":"https:\/\/www.api-colomiers.com\/heleneboucher\/wp-json\/wp\/v2\/categories?post=7737"},{"taxonomy":"post_tag","embeddable":true,"href":"https:\/\/www.api-colomiers.com\/heleneboucher\/wp-json\/wp\/v2\/tags?post=7737"}],"curies":[{"name":"wp","href":"https:\/\/api.w.org\/{rel}","templated":true}]}}