{"id":7650,"date":"2021-06-09T19:24:50","date_gmt":"2021-06-09T17:24:50","guid":{"rendered":"http:\/\/www.api-colomiers.com\/heleneboucher\/?p=7650"},"modified":"2021-06-09T19:26:28","modified_gmt":"2021-06-09T17:26:28","slug":"cm2-rentree-en-6eme-informations-inscriptions-bourses","status":"publish","type":"post","link":"https:\/\/www.api-colomiers.com\/heleneboucher\/cm2-rentree-en-6eme-informations-inscriptions-bourses\/","title":{"rendered":"CM2 : Rentr\u00e9e en 6\u00e8me : Informations, Inscriptions, Bourses"},"content":{"rendered":"\n<p><strong><span class=\"has-inline-color has-vivid-red-color\">Pour les CM2 rentrant \u00e0 la prochaine rentr\u00e9e au Coll\u00e8ge sur Colomiers, <\/span>les dossiers d&rsquo;inscription sont en cours de distribution via l&rsquo;\u00e9cole \u00e9l\u00e9mentaire.<\/strong><\/p>\n\n\n\n<p><strong><span class=\"has-inline-color has-luminous-vivid-orange-color\">ATTENTION : Nous vous conseillons de lire attentivement les dossiers<\/span> d&rsquo;une part parce qu&rsquo;ils donnent <span class=\"has-inline-color has-vivid-green-cyan-color\">beaucoup d&rsquo;informations utiles <\/span>et d&rsquo;autre part parce qu&rsquo;il y a <span class=\"has-inline-color has-vivid-red-color\">des dates \u00e0 respecter notamment pour rendre le dossier compl\u00e9t\u00e9.<\/span><\/strong><br><strong><span class=\"has-inline-color has-vivid-cyan-blue-color\">Exemple : pour Jean Jaur\u00e8s : dossier \u00e0 rendre en mains propres le lundi 14 juin 2021 entre 8h et 17h30 \u00e0 l&rsquo;accueil.<\/span><\/strong><\/p>\n\n\n\n<p><strong><span class=\"has-inline-color has-vivid-red-color\">N&rsquo;h\u00e9sitez pas \u00e9galement \u00e0 consulter leurs site internet. <\/span><\/strong>Les informations pour la rentr\u00e9e 2021 commencent \u00e0 \u00eatre en ligne. <br><strong>Dans certains \u00e9tablissements, les <span class=\"has-inline-color has-vivid-green-cyan-color\">associations de parents d&rsquo;\u00e9l\u00e8ves organisent des bourses aux fournitures scolaires.<\/span><\/strong><\/p>\n\n\n\n<ul class=\"wp-block-list\"><li><a href=\"https:\/\/leon-blum.ecollege.haute-garonne.fr\/\" target=\"_blank\" rel=\"noreferrer noopener\">Coll\u00e8ge L\u00e9on Blum<\/a><\/li><li><a href=\"https:\/\/jean-jaures.ecollege.haute-garonne.fr\/\" target=\"_blank\" rel=\"noreferrer noopener\">Coll\u00e8ge Jean Jaur\u00e8s<\/a><\/li><li><a href=\"https:\/\/voltaire.ecollege.haute-garonne.fr\/\" target=\"_blank\" rel=\"noreferrer noopener\">Coll\u00e8ge Voltaire<\/a><\/li><li><a href=\"https:\/\/victor-hugo.ecollege.haute-garonne.fr\/\" target=\"_blank\" rel=\"noreferrer noopener\">Coll\u00e8ge Victor Hugo<\/a><\/li><li><a href=\"https:\/\/www.saintetherese.net\/\" target=\"_blank\" rel=\"noreferrer noopener\">Coll\u00e8ge Sainte Th\u00e9r\u00e8se<\/a><\/li><\/ul>\n\n\n\n<p><strong><span class=\"has-inline-color has-vivid-red-color\">Pour votre information, il existe diff\u00e9rentes aides \u00e0 destination des familles des \u00e9l\u00e8ves.<\/span><\/strong><br>Les familles peuvent b\u00e9n\u00e9ficier de plusieurs aides via le coll\u00e8ge, le Conseil d\u00e9partemental, la CAF. <strong><span class=\"has-inline-color has-luminous-vivid-orange-color\">Attention au respect des d\u00e9lais de demande.<\/span><\/strong><br><strong>Voici quelques aides :<\/strong><\/p>\n\n\n\n<div class=\"wp-block-image\"><figure class=\"alignright is-resized\"><a href=\"https:\/\/www.education.gouv.fr\/les-aides-financieres-au-college-4970\" target=\"_blank\" rel=\"noopener\"><img loading=\"lazy\" decoding=\"async\" src=\"https:\/\/www.education.gouv.fr\/sites\/default\/files\/imported_files\/image\/Bourse_college_visuel_web_700x283px_988376.jpg\" alt=\"\" width=\"193\" height=\"78\"\/><\/a><\/figure><\/div>\n\n\n\n<ul class=\"wp-block-list\"><li><span class=\"has-inline-color has-luminous-vivid-orange-color\"><strong>La bourse des coll\u00e8ges<\/strong>&nbsp;<\/span><span class=\"has-inline-color has-black-color\">est une aide d\u2019\u00e9tat vers\u00e9e par le biais du coll\u00e8ge.<\/span><\/li><\/ul>\n\n\n\n<p><strong>Attention<\/strong>&nbsp;: la demande s&rsquo;effectue en ligne sur FranceConnect avec le compte Education Nationale (ATEN).<span class=\"has-inline-color has-vivid-green-cyan-color\"> <strong>Cliquez sur l&rsquo;image ci-contre<\/strong>.<\/span><br>Aucun dossier en retard ne pourra \u00eatre pris en compte pour toute l&rsquo;ann\u00e9e scolaire. Date limite de d\u00e9p\u00f4t des dossiers au mois d&rsquo;octobre.<br>Le bar\u00e8me d\u2019attribution d\u00e9pend des revenus de la famille.<\/p>\n\n\n\n<ul class=\"wp-block-list\"><li><span class=\"has-inline-color has-luminous-vivid-orange-color\"><strong>L\u2019 aide \u00e0 la restauration<\/strong>&nbsp;<strong>scolaire<\/strong>&nbsp;(ARS ) <\/span><span class=\"has-inline-color has-black-color\">est&nbsp; une aide accord\u00e9e par le Conseil d\u00e9partemental de la Haute Garonne.&nbsp;<\/span><\/li><\/ul>\n\n\n\n<div class=\"wp-block-image\"><figure class=\"alignright is-resized\"><a href=\"https:\/\/ars.ecollege.haute-garonne.fr\/identity\/connect\" target=\"_blank\" rel=\"noopener\"><img loading=\"lazy\" decoding=\"async\" src=\"https:\/\/leon-blum.ecollege.haute-garonne.fr\/lectureFichiergw.do?ID_FICHIER=1433080772017\" alt=\"\" width=\"168\" height=\"80\" title=\"\"\/><\/a><\/figure><\/div>\n\n\n\n<p><strong>Attention&nbsp;<\/strong>:<strong>&nbsp;les demandes sont faites par internet<\/strong>&nbsp;sur le site ecollege31.<span class=\"has-inline-color has-vivid-green-cyan-color\"> <strong>Cliquez sur l&rsquo;image ci-contre<\/strong>.<\/span><br><em><strong>L&rsquo;ouverture de la campagne d&rsquo;aide est fix\u00e9e au 02 juin 2021 pour l&rsquo;ann\u00e9e scolaire 2021\/2022. Les demandes compl\u00e8tes devront \u00eatre d\u00e9pos\u00e9es sur le site avant le 24 septembre 2021 pour une prise en compte d\u00e8s le 1er trimestre.<\/strong><\/em><\/p>\n\n\n\n<p>Les demandes des familles doivent \u00eatre d\u00e9pos\u00e9es compl\u00e8tes&nbsp;<strong>jusqu&rsquo;en septembre&nbsp;<\/strong>pour ouvrir droit \u00e0 une aide pour l&rsquo;int\u00e9gralit\u00e9 de l&rsquo;ann\u00e9e scolaire.<br>Le bar\u00e8me d\u2019attribution est assis sur le coefficient CAF.<\/p>\n\n\n\n<ul class=\"wp-block-list\"><li><strong><span class=\"has-inline-color has-luminous-vivid-orange-color\">L\u2019 aide au transports scolaires<\/span><\/strong> <span class=\"has-inline-color has-black-color\">est&nbsp; une aide accord\u00e9e par le Conseil d\u00e9partemental de la Haute Garonne.&nbsp;<\/span><strong><a href=\"https:\/\/www.haute-garonne.fr\/service\/transports-scolaires\" target=\"_blank\" rel=\"noreferrer noopener\">INFOS ICI<\/a><\/strong><\/li><\/ul>\n\n\n\n<ul class=\"wp-block-list\"><li><strong><span class=\"has-inline-color has-luminous-vivid-orange-color\">L&rsquo;Allocation de Rentr\u00e9e Scolaire<\/span><\/strong> (ARS) par la CAF. <strong><a href=\"https:\/\/www.caf.fr\/allocataires\/droits-et-prestations\/s-informer-sur-les-aides\/enfance-et-jeunesse\/l-allocation-de-rentree-scolaire-ars\" target=\"_blank\" rel=\"noreferrer noopener\">INFOS ICI<\/a><\/strong><\/li><\/ul>\n","protected":false},"excerpt":{"rendered":"<p>Pour les CM2 rentrant \u00e0 la prochaine rentr\u00e9e au Coll\u00e8ge sur Colomiers, les dossiers d&rsquo;inscription sont en cours de distribution via l&rsquo;\u00e9cole \u00e9l\u00e9mentaire. ATTENTION : Nous vous conseillons de lire attentivement les dossiers d&rsquo;une part parce qu&rsquo;ils donnent beaucoup d&rsquo;informations<\/p>\n","protected":false},"author":2,"featured_media":0,"comment_status":"closed","ping_status":"open","sticky":false,"template":"","format":"standard","meta":{"footnotes":""},"categories":[36,20],"tags":[],"class_list":["post-7650","post","type-post","status-publish","format-standard","hentry","category-conseils-de-parents","category-primaire"],"_links":{"self":[{"href":"https:\/\/www.api-colomiers.com\/heleneboucher\/wp-json\/wp\/v2\/posts\/7650","targetHints":{"allow":["GET"]}}],"collection":[{"href":"https:\/\/www.api-colomiers.com\/heleneboucher\/wp-json\/wp\/v2\/posts"}],"about":[{"href":"https:\/\/www.api-colomiers.com\/heleneboucher\/wp-json\/wp\/v2\/types\/post"}],"author":[{"embeddable":true,"href":"https:\/\/www.api-colomiers.com\/heleneboucher\/wp-json\/wp\/v2\/users\/2"}],"replies":[{"embeddable":true,"href":"https:\/\/www.api-colomiers.com\/heleneboucher\/wp-json\/wp\/v2\/comments?post=7650"}],"version-history":[{"count":0,"href":"https:\/\/www.api-colomiers.com\/heleneboucher\/wp-json\/wp\/v2\/posts\/7650\/revisions"}],"wp:attachment":[{"href":"https:\/\/www.api-colomiers.com\/heleneboucher\/wp-json\/wp\/v2\/media?parent=7650"}],"wp:term":[{"taxonomy":"category","embeddable":true,"href":"https:\/\/www.api-colomiers.com\/heleneboucher\/wp-json\/wp\/v2\/categories?post=7650"},{"taxonomy":"post_tag","embeddable":true,"href":"https:\/\/www.api-colomiers.com\/heleneboucher\/wp-json\/wp\/v2\/tags?post=7650"}],"curies":[{"name":"wp","href":"https:\/\/api.w.org\/{rel}","templated":true}]}}