{"id":7426,"date":"2021-05-03T14:20:43","date_gmt":"2021-05-03T12:20:43","guid":{"rendered":"http:\/\/www.api-colomiers.com\/heleneboucher\/?p=7426"},"modified":"2021-05-03T14:20:44","modified_gmt":"2021-05-03T12:20:44","slug":"ete-2021-sejours-enfants-a-belcaire","status":"publish","type":"post","link":"https:\/\/www.api-colomiers.com\/heleneboucher\/ete-2021-sejours-enfants-a-belcaire\/","title":{"rendered":"Et\u00e9 2021 : S\u00e9jours enfants \u00e0 Belcaire"},"content":{"rendered":"\n<p>Cet \u00e9t\u00e9, la Ville de Colomiers organise des s\u00e9jours \u00e0 <strong><span class=\"has-inline-color has-vivid-cyan-blue-color\">Belcaire<\/span><\/strong>, dans les Pyr\u00e9n\u00e9es audoises, pour les <strong><span class=\"has-inline-color has-vivid-red-color\">6-14 ans<\/span><\/strong> (sous r\u00e9serve du contexte sanitaire et des d\u00e9cisions nationales).<\/p>\n\n\n\n<p>Activit\u00e9s sportives, p\u00eache, jeux en plein air, fabrication de cabanes, promenade en pleine nature.<\/p>\n\n\n\n<div class=\"wp-block-image\"><figure class=\"alignleft size-large is-resized\"><a href=\"https:\/\/www.api-colomiers.com\/heleneboucher\/wp-content\/uploads\/2021\/04\/BELCAIRE-ete-2021.jpg\"><img loading=\"lazy\" decoding=\"async\" src=\"https:\/\/www.api-colomiers.com\/heleneboucher\/wp-content\/uploads\/2021\/04\/BELCAIRE-ete-2021-1024x538.jpg\" alt=\"\" class=\"wp-image-7430\" width=\"245\" height=\"129\" srcset=\"https:\/\/www.api-colomiers.com\/heleneboucher\/wp-content\/uploads\/2021\/04\/BELCAIRE-ete-2021-1024x538.jpg 1024w, https:\/\/www.api-colomiers.com\/heleneboucher\/wp-content\/uploads\/2021\/04\/BELCAIRE-ete-2021-300x158.jpg 300w, https:\/\/www.api-colomiers.com\/heleneboucher\/wp-content\/uploads\/2021\/04\/BELCAIRE-ete-2021-768x404.jpg 768w, https:\/\/www.api-colomiers.com\/heleneboucher\/wp-content\/uploads\/2021\/04\/BELCAIRE-ete-2021-600x315.jpg 600w, https:\/\/www.api-colomiers.com\/heleneboucher\/wp-content\/uploads\/2021\/04\/BELCAIRE-ete-2021-1536x807.jpg 1536w, https:\/\/www.api-colomiers.com\/heleneboucher\/wp-content\/uploads\/2021\/04\/BELCAIRE-ete-2021-1320x694.jpg 1320w, https:\/\/www.api-colomiers.com\/heleneboucher\/wp-content\/uploads\/2021\/04\/BELCAIRE-ete-2021.jpg 1827w\" sizes=\"auto, (max-width: 245px) 100vw, 245px\" \/><\/a><\/figure><\/div>\n\n\n\n<p><strong><span class=\"has-inline-color has-vivid-red-color\">3 s\u00e9jours<\/span> : 10 au 19 juillet \/ 20 au 29 juillet \/ 7 au 16 ao\u00fbt 2021<\/strong><\/p>\n\n\n\n<p><strong><span class=\"has-inline-color has-luminous-vivid-orange-color\">ATTENTION <\/span><\/strong><br><strong><span class=\"has-inline-color has-luminous-vivid-orange-color\">Les places sont limit\u00e9es et les pr\u00e9-inscriptions sont d\u00e9j\u00e0 ouvertes<br><\/span>+ d\u2019infos ou pr\u00e9-inscription : <a href=\"https:\/\/l.facebook.com\/l.php?u=https%3A%2F%2Fbit.ly%2Fbelcaire2021%3Ffbclid%3DIwAR0Tm-v_RYzpnXsbJUycu8yAJ5kL0_LAhrbw0yLSJc17eQounxZwFMoxHfE&amp;h=AT0pFXbY35uXGFeSMd1__ra7VKSYhN6y6B-a6y8kCSEIEZobAnUiyhK3sXDKsQYxFxAMpkcsIzd-1p5gR7VSDWan1HpDd-1vVyqFg5jAQfU_jAkXRL-5BCEHjsxFA69jlg&amp;__tn__=-UK-R&amp;c[0]=AT25UgdWD8U6cZrS7YLXWqNCE8waRW2hXqn3M9O0uTwAg7-qPnsvhjO_2EOlZ5ScclRT2s__ao_7kPNkZlxpJlg-15T8KYpTEng18lwZDmTbUlUmdPwai-Ew1dWPdJY_E-7ukBUqhVBSxeh2JT5eVJckMkELpwiS5kcbrHEVIO04lcA\" rel=\"noreferrer noopener\" target=\"_blank\">http:\/\/bit.ly\/belcaire2021<\/a><\/strong><\/p>\n\n\n\n<p><\/p>\n","protected":false},"excerpt":{"rendered":"<p>Cet \u00e9t\u00e9, la Ville de Colomiers organise des s\u00e9jours \u00e0 Belcaire, dans les Pyr\u00e9n\u00e9es audoises, pour les 6-14 ans (sous r\u00e9serve du contexte sanitaire et des d\u00e9cisions nationales). Activit\u00e9s sportives, p\u00eache, jeux en plein air, fabrication de cabanes, promenade en<\/p>\n","protected":false},"author":2,"featured_media":0,"comment_status":"closed","ping_status":"open","sticky":false,"template":"","format":"standard","meta":{"footnotes":""},"categories":[44,38,20],"tags":[],"class_list":["post-7426","post","type-post","status-publish","format-standard","hentry","category-centre-de-loisirs","category-decouverte-activite","category-primaire"],"_links":{"self":[{"href":"https:\/\/www.api-colomiers.com\/heleneboucher\/wp-json\/wp\/v2\/posts\/7426","targetHints":{"allow":["GET"]}}],"collection":[{"href":"https:\/\/www.api-colomiers.com\/heleneboucher\/wp-json\/wp\/v2\/posts"}],"about":[{"href":"https:\/\/www.api-colomiers.com\/heleneboucher\/wp-json\/wp\/v2\/types\/post"}],"author":[{"embeddable":true,"href":"https:\/\/www.api-colomiers.com\/heleneboucher\/wp-json\/wp\/v2\/users\/2"}],"replies":[{"embeddable":true,"href":"https:\/\/www.api-colomiers.com\/heleneboucher\/wp-json\/wp\/v2\/comments?post=7426"}],"version-history":[{"count":0,"href":"https:\/\/www.api-colomiers.com\/heleneboucher\/wp-json\/wp\/v2\/posts\/7426\/revisions"}],"wp:attachment":[{"href":"https:\/\/www.api-colomiers.com\/heleneboucher\/wp-json\/wp\/v2\/media?parent=7426"}],"wp:term":[{"taxonomy":"category","embeddable":true,"href":"https:\/\/www.api-colomiers.com\/heleneboucher\/wp-json\/wp\/v2\/categories?post=7426"},{"taxonomy":"post_tag","embeddable":true,"href":"https:\/\/www.api-colomiers.com\/heleneboucher\/wp-json\/wp\/v2\/tags?post=7426"}],"curies":[{"name":"wp","href":"https:\/\/api.w.org\/{rel}","templated":true}]}}