{"id":6112,"date":"2020-10-30T20:40:56","date_gmt":"2020-10-30T19:40:56","guid":{"rendered":"http:\/\/www.api-colomiers.com\/heleneboucher\/?p=6112"},"modified":"2020-10-30T20:40:57","modified_gmt":"2020-10-30T19:40:57","slug":"elementaire-organisation-rentree-02-novembre-2020","status":"publish","type":"post","link":"https:\/\/www.api-colomiers.com\/heleneboucher\/elementaire-organisation-rentree-02-novembre-2020\/","title":{"rendered":"El\u00e9mentaire : Organisation Rentr\u00e9e 02 novembre 2020"},"content":{"rendered":"\n<p>\u00a0\u00bb Mesdames et messieurs les parents d\u2019\u00e9l\u00e8ves,<\/p>\n\n\n\n<p>Suite aux d\u00e9clarations du pr\u00e9sident de la R\u00e9publique, le protocole sanitaire des \u00e9coles est renforc\u00e9. Les principales mesures sont le port du masque pour tous les \u00e9l\u00e8ves \u00e0 partir de 6 ans et la limitation du brassage de la mani\u00e8re la plus scrupuleuse possible tout en tenant compte des probl\u00e9matiques et sp\u00e9cificit\u00e9s de chaque \u00e9tablissement.&nbsp;<\/p>\n\n\n\n<p>Vous trouverez ci-apr\u00e8s le protocole d\u2019accueil de l\u2019\u00e9cole travaill\u00e9 ce jour avec la directrice de l\u2019ALAE, protocole d\u00e9taillant l\u2019organisation g\u00e9n\u00e9rale de l\u2019\u00e9cole suite au nouveau protocole sanitaire (protocole sanitaire consultable \u00e0 l\u2019adresse suivante&nbsp;:&nbsp;<a rel=\"noreferrer noopener\" href=\"https:\/\/www.education.gouv.fr\/rentree-novembre-2020-modalites-pratiques-305467\" target=\"_blank\">https:\/\/www.education.gouv.fr\/rentree-novembre-2020-modalites-pratiques-305467.)&nbsp;<\/a><\/p>\n\n\n\n<p>&nbsp;Afin de limiter le brassage des groupes, pour permettre une arriv\u00e9e et une sortie sereine de l\u2019\u00e9cole et \u00e9viter les rassemblements trop importants aux portails de l\u2019\u00e9cole, les horaires des temps de classe sont modifi\u00e9s jusqu&rsquo;\u00e0 nouvel ordre&nbsp;:<\/p>\n\n\n\n<p><span class=\"has-inline-color has-vivid-cyan-blue-color\"><strong>CP : 8h20 -11h20 et&nbsp;&nbsp;13h35 -15h50<\/strong><br><strong>CE1 : 8h30 -11h30 et&nbsp;&nbsp;13h45-16h<br>CE2 : 8h40-11h40 et&nbsp;&nbsp;13h55-16h10<br>Classes CM2a et CM2b&nbsp;:&nbsp;&nbsp;8h20 -11h20 et&nbsp;&nbsp;13h35 -15h50<br>Classes CM1a, CM1b et CM1-CM2&nbsp;: 8h30 -11h30 et 13h45-16h<\/strong><\/span><\/p>\n\n\n\n<p><strong><span class=\"has-inline-color has-vivid-red-color\">Pas de modification pour les portails<\/span> d\u2019accueil \u00e9cole et portail Alae.<br><\/strong><br><strong><span class=\"has-inline-color has-vivid-red-color\">Pour les enfants inscrits \u00e0 l\u2019ALAE, pas de changement des horaires<\/span><\/strong>&nbsp;(accueil possible d\u00e8s 7h30 et jusqu\u2019\u00e0 18h30).<\/p>\n\n\n\n<p>&nbsp;<strong><span class=\"has-inline-color has-vivid-red-color\">Le port du masque \u00ab&nbsp;grand public&nbsp;\u00bb est d\u00e9sormais obligatoire pour tous les \u00e9l\u00e8ves \u00e0 l\u2019\u00e9cole \u00e9l\u00e9mentaire&nbsp;: votre enfant devra venir \u00e0 l\u2019\u00e9cole avec un masque&nbsp;<\/span>(s&rsquo;il reste \u00e0 la cantine le midi, merci de pr\u00e9voir une 2\u00e8me masque dans son cartable).<\/strong><\/p>\n\n\n\n<p><strong><span class=\"has-inline-color has-vivid-red-color\">Les justificatifs de d\u00e9placement scolaire compl\u00e9t\u00e9s par l\u2019\u00e9cole seront transmis \u00e0 chaque \u00e9l\u00e8ve ce lundi 02 novembre.&nbsp;<\/span><\/strong><\/p>\n\n\n\n<p><strong>Ce lundi 02 novembre,&nbsp;dans tous les \u00e9tablissements scolaires&nbsp;un hommage sera rendu&nbsp; \u00e0 Samuel Paty, avec une minute de silence \u00e0 11h.<br><\/strong>Un temps sp\u00e9cifique dans les classes sera consacr\u00e9 durant le mois de novembre sur les valeurs de la R\u00e9publique.<\/p>\n\n\n\n<p>Sachant pouvoir compter sur votre compr\u00e9hension durant cette nouvelle p\u00e9riode d\u00e9licate, je reste \u00e0 votre disposition pour r\u00e9pondre \u00e0 vos questions.<br>Mesdames et messieurs, nous vous prions de recevoir nos sinc\u00e8res salutations.<br><br><strong>La directrice et l\u2019\u00e9quipe enseignante.<\/strong> \u00ab\u00a0<\/p>\n","protected":false},"excerpt":{"rendered":"<p>\u00a0\u00bb Mesdames et messieurs les parents d\u2019\u00e9l\u00e8ves, Suite aux d\u00e9clarations du pr\u00e9sident de la R\u00e9publique, le protocole sanitaire des \u00e9coles est renforc\u00e9. Les principales mesures sont le port du masque pour tous les \u00e9l\u00e8ves \u00e0 partir de 6 ans et<\/p>\n","protected":false},"author":2,"featured_media":0,"comment_status":"closed","ping_status":"open","sticky":false,"template":"","format":"standard","meta":{"footnotes":""},"categories":[20],"tags":[],"class_list":["post-6112","post","type-post","status-publish","format-standard","hentry","category-primaire"],"_links":{"self":[{"href":"https:\/\/www.api-colomiers.com\/heleneboucher\/wp-json\/wp\/v2\/posts\/6112","targetHints":{"allow":["GET"]}}],"collection":[{"href":"https:\/\/www.api-colomiers.com\/heleneboucher\/wp-json\/wp\/v2\/posts"}],"about":[{"href":"https:\/\/www.api-colomiers.com\/heleneboucher\/wp-json\/wp\/v2\/types\/post"}],"author":[{"embeddable":true,"href":"https:\/\/www.api-colomiers.com\/heleneboucher\/wp-json\/wp\/v2\/users\/2"}],"replies":[{"embeddable":true,"href":"https:\/\/www.api-colomiers.com\/heleneboucher\/wp-json\/wp\/v2\/comments?post=6112"}],"version-history":[{"count":0,"href":"https:\/\/www.api-colomiers.com\/heleneboucher\/wp-json\/wp\/v2\/posts\/6112\/revisions"}],"wp:attachment":[{"href":"https:\/\/www.api-colomiers.com\/heleneboucher\/wp-json\/wp\/v2\/media?parent=6112"}],"wp:term":[{"taxonomy":"category","embeddable":true,"href":"https:\/\/www.api-colomiers.com\/heleneboucher\/wp-json\/wp\/v2\/categories?post=6112"},{"taxonomy":"post_tag","embeddable":true,"href":"https:\/\/www.api-colomiers.com\/heleneboucher\/wp-json\/wp\/v2\/tags?post=6112"}],"curies":[{"name":"wp","href":"https:\/\/api.w.org\/{rel}","templated":true}]}}