{"id":6060,"date":"2020-10-30T20:39:38","date_gmt":"2020-10-30T19:39:38","guid":{"rendered":"http:\/\/www.api-colomiers.com\/heleneboucher\/?p=6060"},"modified":"2020-10-30T20:39:39","modified_gmt":"2020-10-30T19:39:39","slug":"un-concert-pedagogique-pour-les-cp-et-les-ce1","status":"publish","type":"post","link":"https:\/\/www.api-colomiers.com\/heleneboucher\/un-concert-pedagogique-pour-les-cp-et-les-ce1\/","title":{"rendered":"Un concert p\u00e9dagogique pour les CP et les CE1"},"content":{"rendered":"\n<div class=\"wp-block-image is-style-rounded\"><figure class=\"alignleft size-large is-resized\"><img loading=\"lazy\" decoding=\"async\" src=\"https:\/\/www.api-colomiers.com\/heleneboucher\/wp-content\/uploads\/2020\/10\/Sortie-concert-saint-pierre-768x1024.jpg\" alt=\"\" class=\"wp-image-6061\" width=\"113\" height=\"150\" srcset=\"https:\/\/www.api-colomiers.com\/heleneboucher\/wp-content\/uploads\/2020\/10\/Sortie-concert-saint-pierre-768x1024.jpg 768w, https:\/\/www.api-colomiers.com\/heleneboucher\/wp-content\/uploads\/2020\/10\/Sortie-concert-saint-pierre-225x300.jpg 225w, https:\/\/www.api-colomiers.com\/heleneboucher\/wp-content\/uploads\/2020\/10\/Sortie-concert-saint-pierre-600x800.jpg 600w, https:\/\/www.api-colomiers.com\/heleneboucher\/wp-content\/uploads\/2020\/10\/Sortie-concert-saint-pierre-1152x1536.jpg 1152w, https:\/\/www.api-colomiers.com\/heleneboucher\/wp-content\/uploads\/2020\/10\/Sortie-concert-saint-pierre.jpg 1200w\" sizes=\"auto, (max-width: 113px) 100vw, 113px\" \/><\/figure><\/div>\n\n\n\n<p>Le lundi 12 octobre, <strong>les classes de CP et CE1<\/strong> ont assist\u00e9 \u00e0 <strong>un concert p\u00e9dagogique autour de la musique classique<\/strong> donn\u00e9 <strong>par l&rsquo;Orchestre de Chambre de Toulouse<\/strong> \u00e0 l&rsquo;auditorium Saint Pierre des Cuisines.<\/p>\n\n\n\n<p>Durant ce concert de musique classique, il leur a \u00e9t\u00e9 fait une pr\u00e9sentation de l\u2019histoire de la musique et des instruments pr\u00e9sents.<\/p>\n\n\n\n<p>Plus tard dans l&rsquo;ann\u00e9e, l\u2019Orchestre de Chambre de Toulouse viendra gratuitement dans notre \u00e9cole pour rencontrer les autres classes \u00e9l\u00e9mentaires.<\/p>\n","protected":false},"excerpt":{"rendered":"<p>Le lundi 12 octobre, les classes de CP et CE1 ont assist\u00e9 \u00e0 un concert p\u00e9dagogique autour de la musique classique donn\u00e9 par l&rsquo;Orchestre de Chambre de Toulouse \u00e0 l&rsquo;auditorium Saint Pierre des Cuisines. Durant ce concert de musique classique,<\/p>\n","protected":false},"author":2,"featured_media":0,"comment_status":"closed","ping_status":"open","sticky":false,"template":"","format":"standard","meta":{"footnotes":""},"categories":[20,19],"tags":[],"class_list":["post-6060","post","type-post","status-publish","format-standard","hentry","category-primaire","category-sortie"],"_links":{"self":[{"href":"https:\/\/www.api-colomiers.com\/heleneboucher\/wp-json\/wp\/v2\/posts\/6060","targetHints":{"allow":["GET"]}}],"collection":[{"href":"https:\/\/www.api-colomiers.com\/heleneboucher\/wp-json\/wp\/v2\/posts"}],"about":[{"href":"https:\/\/www.api-colomiers.com\/heleneboucher\/wp-json\/wp\/v2\/types\/post"}],"author":[{"embeddable":true,"href":"https:\/\/www.api-colomiers.com\/heleneboucher\/wp-json\/wp\/v2\/users\/2"}],"replies":[{"embeddable":true,"href":"https:\/\/www.api-colomiers.com\/heleneboucher\/wp-json\/wp\/v2\/comments?post=6060"}],"version-history":[{"count":0,"href":"https:\/\/www.api-colomiers.com\/heleneboucher\/wp-json\/wp\/v2\/posts\/6060\/revisions"}],"wp:attachment":[{"href":"https:\/\/www.api-colomiers.com\/heleneboucher\/wp-json\/wp\/v2\/media?parent=6060"}],"wp:term":[{"taxonomy":"category","embeddable":true,"href":"https:\/\/www.api-colomiers.com\/heleneboucher\/wp-json\/wp\/v2\/categories?post=6060"},{"taxonomy":"post_tag","embeddable":true,"href":"https:\/\/www.api-colomiers.com\/heleneboucher\/wp-json\/wp\/v2\/tags?post=6060"}],"curies":[{"name":"wp","href":"https:\/\/api.w.org\/{rel}","templated":true}]}}