{"id":5836,"date":"2020-09-24T07:22:49","date_gmt":"2020-09-24T05:22:49","guid":{"rendered":"http:\/\/www.api-colomiers.com\/heleneboucher\/?p=5836"},"modified":"2020-09-24T07:22:50","modified_gmt":"2020-09-24T05:22:50","slug":"cabirol-fonctionnement","status":"publish","type":"post","link":"https:\/\/www.api-colomiers.com\/heleneboucher\/cabirol-fonctionnement\/","title":{"rendered":"CABIROL : Fonctionnement"},"content":{"rendered":"\n<p><strong>Le centre de loisirs du Cabirol accueille les enfants de 3 \u00e0 14 ans, <\/strong>au parc du Cabirol, all\u00e9e des Alpilles, les mercredis et pendant les vacances scolaires.<\/p>\n\n\n\n<div class=\"wp-block-image\"><figure class=\"alignright\"><a href=\"https:\/\/www.api-colomiers.com\/heleneboucher\/wp-content\/uploads\/2018\/09\/centre-loisirs-image.jpg\"><img loading=\"lazy\" decoding=\"async\" width=\"150\" height=\"150\" src=\"https:\/\/www.api-colomiers.com\/heleneboucher\/wp-content\/uploads\/2018\/09\/centre-loisirs-image-150x150.jpg\" alt=\"centre-loisirs-image\" class=\"wp-image-3065\" srcset=\"https:\/\/www.api-colomiers.com\/heleneboucher\/wp-content\/uploads\/2018\/09\/centre-loisirs-image-150x150.jpg 150w, https:\/\/www.api-colomiers.com\/heleneboucher\/wp-content\/uploads\/2018\/09\/centre-loisirs-image-270x270.jpg 270w, https:\/\/www.api-colomiers.com\/heleneboucher\/wp-content\/uploads\/2018\/09\/centre-loisirs-image.jpg 300w, https:\/\/www.api-colomiers.com\/heleneboucher\/wp-content\/uploads\/2018\/09\/centre-loisirs-image-230x230.jpg 230w\" sizes=\"auto, (max-width: 150px) 100vw, 150px\" \/><\/a><\/figure><\/div>\n\n\n\n<p><strong>Tous les mercredis en p\u00e9riode scolaire<\/strong>&nbsp;:&nbsp;ouvert de 11h30 \u00e0 18h30<br><strong>Tous les jours pendant les vacances scolaires<\/strong>&nbsp;:&nbsp;ouvert de 7h30 \u00e0 18h30<\/p>\n\n\n\n<p><strong>Section maternelle&nbsp;:&nbsp;05 61 15 31 56&nbsp;<\/strong>(durant les jours de fonctionnement)<br><strong>Section \u00e9l\u00e9mentaire&nbsp;:&nbsp;05 61 15 31 55&nbsp;<\/strong>(durant les jours de fonctionnement)<\/p>\n\n\n\n<p><strong>Les \u00e9coles concern\u00e9es par le centre de loisirs du Cabirol sont&nbsp;: Jules Ferry, H\u00e9l\u00e8ne Boucher, Lamartine, Lucie Aubrac, Simone Veil, En Jacca, Marie-Curie et Sainte-Th\u00e9r\u00e8se<br><\/strong>Les autres \u00e9coles (A.Savary, G.Sand, J.Mac\u00e9, \u00e9cole allemande, l&rsquo;internationale school of Toulouse) d\u00e9pendent du Centre de loisirs Alain-Savary.<\/p>\n\n\n\n<p><strong><span class=\"has-inline-color has-vivid-red-color\">Proc\u00e9dure d\u2019inscription au centre de loisirs.<\/span><\/strong><\/p>\n\n\n\n<ul class=\"wp-block-list\"><li><strong>Pr\u00e9-inscription annuelle<\/strong>&nbsp;aupr\u00e8s de la Mairie, en m\u00eame temps que l\u2019inscription \u00e0 l\u2019\u00e9cole. Sinon, rapprochez-vous du service enfance de la Mairie.<\/li><li><strong>Facturation mensuelle<\/strong>&nbsp;en fonction des ressources familiales.<\/li><li><strong>Pour les mercredis&nbsp;: Confirmer la pr\u00e9sence de l\u2019enfant \u00e0 chaque p\u00e9riode&nbsp;<\/strong>soit par internet sur le site de la Mairie, soit aupr\u00e8s du Centre de loisirs. (1 p\u00e9riode = entre chaque vacance) <strong>ou pour toute l&rsquo;ann\u00e9e \u00e0 partir du 1er octobre.<\/strong><\/li><li><strong>Pour les vacances&nbsp;: Confirmer la pr\u00e9sence de l\u2019enfant<\/strong>&nbsp;soit par internet sur le site de la Mairie, soit aupr\u00e8s du centre de loisirs<strong> selon le calendrier d\u00e9fini.<\/strong><\/li><\/ul>\n\n\n\n<p><strong><span class=\"has-inline-color has-luminous-vivid-orange-color\">Attention&nbsp;! Par d\u00e9faut, votre enfant ne sera pas inscrit, si vous ne confirmez pas sa pr\u00e9sence pour chaque vacance.<\/span><\/strong><\/p>\n\n\n\n<p>Des calendriers des dates d\u2019inscription sont disponibles : Calendrier inscriptions Mercredis \/ Calendrier inscriptions Vacances<\/p>\n\n\n\n<p><strong>Plus de renseignements sur les documents suivants :<\/strong> Plaquette MATERNELLE \/ Plaquette ELEMENTAIRE<\/p>\n\n\n\n<p><strong><span class=\"has-inline-color has-luminous-vivid-orange-color\">Si votre enfant souffre d&rsquo;une allergie alimentaire OU&nbsp; b\u00e9n\u00e9ficie d&rsquo;un suivi avec une AVL, <\/span><span class=\"has-inline-color has-black-color\">ne pas l&rsquo;inscrire via le site de la mairie mais r\u00e9pondre au mail envoy\u00e9 par la R\u00e9f\u00e9rente PAI et AVL.<\/span><\/strong><\/p>\n\n\n\n<p><span class=\"has-inline-color has-vivid-red-color\"><strong>Ce qui change cette ann\u00e9e en raison des contraintes sanitaires :<br><\/strong><\/span>     &#8211;<strong> <\/strong>les enfants restent entre enfants de la m\u00eame \u00e9cole et chaque groupe d&rsquo;enfants a une salle attribu\u00e9e. <br>     &#8211; les parents ne rentrent plus dans les locaux. Vous devez vous pr\u00e9senter \u00e0 l&rsquo;ext\u00e9rieur de la porte d&rsquo;entr\u00e9e, vous donnez le pr\u00e9nom et l&rsquo;\u00e9cole de votre enfant et vous patientez dehors le temps que votre enfant arrive.<\/p>\n","protected":false},"excerpt":{"rendered":"<p>Le centre de loisirs du Cabirol accueille les enfants de 3 \u00e0 14 ans, au parc du Cabirol, all\u00e9e des Alpilles, les mercredis et pendant les vacances scolaires. Tous les mercredis en p\u00e9riode scolaire&nbsp;:&nbsp;ouvert de 11h30 \u00e0 18h30Tous les jours<\/p>\n","protected":false},"author":2,"featured_media":0,"comment_status":"closed","ping_status":"open","sticky":false,"template":"","format":"standard","meta":{"footnotes":""},"categories":[8,20],"tags":[],"class_list":["post-5836","post","type-post","status-publish","format-standard","hentry","category-maternelle","category-primaire"],"_links":{"self":[{"href":"https:\/\/www.api-colomiers.com\/heleneboucher\/wp-json\/wp\/v2\/posts\/5836","targetHints":{"allow":["GET"]}}],"collection":[{"href":"https:\/\/www.api-colomiers.com\/heleneboucher\/wp-json\/wp\/v2\/posts"}],"about":[{"href":"https:\/\/www.api-colomiers.com\/heleneboucher\/wp-json\/wp\/v2\/types\/post"}],"author":[{"embeddable":true,"href":"https:\/\/www.api-colomiers.com\/heleneboucher\/wp-json\/wp\/v2\/users\/2"}],"replies":[{"embeddable":true,"href":"https:\/\/www.api-colomiers.com\/heleneboucher\/wp-json\/wp\/v2\/comments?post=5836"}],"version-history":[{"count":0,"href":"https:\/\/www.api-colomiers.com\/heleneboucher\/wp-json\/wp\/v2\/posts\/5836\/revisions"}],"wp:attachment":[{"href":"https:\/\/www.api-colomiers.com\/heleneboucher\/wp-json\/wp\/v2\/media?parent=5836"}],"wp:term":[{"taxonomy":"category","embeddable":true,"href":"https:\/\/www.api-colomiers.com\/heleneboucher\/wp-json\/wp\/v2\/categories?post=5836"},{"taxonomy":"post_tag","embeddable":true,"href":"https:\/\/www.api-colomiers.com\/heleneboucher\/wp-json\/wp\/v2\/tags?post=5836"}],"curies":[{"name":"wp","href":"https:\/\/api.w.org\/{rel}","templated":true}]}}