{"id":5121,"date":"2020-04-29T13:47:49","date_gmt":"2020-04-29T11:47:49","guid":{"rendered":"http:\/\/www.api-colomiers.com\/heleneboucher\/?p=5121"},"modified":"2020-04-29T17:29:13","modified_gmt":"2020-04-29T15:29:13","slug":"reprise-progressive-de-lecole-le-11-mai","status":"publish","type":"post","link":"https:\/\/www.api-colomiers.com\/heleneboucher\/reprise-progressive-de-lecole-le-11-mai\/","title":{"rendered":"Reprise progressive de l&rsquo;\u00e9cole le 11 mai"},"content":{"rendered":"\n<p>Ces derniers jours, le gouvernement a annonc\u00e9 un plan de d\u00e9confinement \u00e0 partir du 11 mai prochain avec une reprise progressive de l&rsquo;\u00e9cole. <\/p>\n\n\n\n<p>L&rsquo;API H\u00e9l\u00e8ne Boucher ne se positionnera pas sur le fait d&rsquo;envoyer ou non les enfants \u00e0 l&rsquo;\u00e9cole. Cette d\u00e9cision et cette responsabilit\u00e9 appartiennent \u00e0 chaque famille.<\/p>\n\n\n\n<p>Cependant, les repr\u00e9sentants des parents d&rsquo;\u00e9l\u00e8ves API restent mobilis\u00e9s pour veiller \u00e0 ce que cette reprise de l&rsquo;\u00e9cole ai lieu dans les meilleures conditions possibles pour nos enfants et les \u00e9quipes \u00e9ducatives.<\/p>\n\n\n\n<p>A ce jour, une lettre a \u00e9t\u00e9 envoy\u00e9e \u00e0 la mairie par le CA de l&rsquo;API Colomiers,  afin de r\u00e9colter le maximum d&rsquo;informations sur les conditions de reprise et la logistique, repr\u00e9senter aux mieux les int\u00e9r\u00eats des enfants et de leurs familles  et  proposer notre aide.<\/p>\n\n\n\n<p>L&rsquo;API H\u00e9l\u00e8ne Boucher a envoy\u00e9 des mails aux directrices de l&rsquo;\u00e9cole et des ALAE afin de leur assurer notre soutien et conna\u00eetre l&rsquo;organisation de cette rentr\u00e9e particuli\u00e8re sur notre \u00e9cole.<\/p>\n\n\n\n<p>Dans l&rsquo;attente de leurs r\u00e9ponses et de nouvelles informations, nous restons \u00e0 votre disposition et \u00e0 votre \u00e9coute concernant ce sujet.<\/p>\n","protected":false},"excerpt":{"rendered":"<p>Ces derniers jours, le gouvernement a annonc\u00e9 un plan de d\u00e9confinement \u00e0 partir du 11 mai prochain avec une reprise progressive de l&rsquo;\u00e9cole. L&rsquo;API H\u00e9l\u00e8ne Boucher ne se positionnera pas sur le fait d&rsquo;envoyer ou non les enfants \u00e0 l&rsquo;\u00e9cole.<\/p>\n","protected":false},"author":2,"featured_media":0,"comment_status":"closed","ping_status":"open","sticky":false,"template":"","format":"standard","meta":{"footnotes":""},"categories":[15,8,20],"tags":[],"class_list":["post-5121","post","type-post","status-publish","format-standard","hentry","category-actions-pe","category-maternelle","category-primaire"],"_links":{"self":[{"href":"https:\/\/www.api-colomiers.com\/heleneboucher\/wp-json\/wp\/v2\/posts\/5121","targetHints":{"allow":["GET"]}}],"collection":[{"href":"https:\/\/www.api-colomiers.com\/heleneboucher\/wp-json\/wp\/v2\/posts"}],"about":[{"href":"https:\/\/www.api-colomiers.com\/heleneboucher\/wp-json\/wp\/v2\/types\/post"}],"author":[{"embeddable":true,"href":"https:\/\/www.api-colomiers.com\/heleneboucher\/wp-json\/wp\/v2\/users\/2"}],"replies":[{"embeddable":true,"href":"https:\/\/www.api-colomiers.com\/heleneboucher\/wp-json\/wp\/v2\/comments?post=5121"}],"version-history":[{"count":0,"href":"https:\/\/www.api-colomiers.com\/heleneboucher\/wp-json\/wp\/v2\/posts\/5121\/revisions"}],"wp:attachment":[{"href":"https:\/\/www.api-colomiers.com\/heleneboucher\/wp-json\/wp\/v2\/media?parent=5121"}],"wp:term":[{"taxonomy":"category","embeddable":true,"href":"https:\/\/www.api-colomiers.com\/heleneboucher\/wp-json\/wp\/v2\/categories?post=5121"},{"taxonomy":"post_tag","embeddable":true,"href":"https:\/\/www.api-colomiers.com\/heleneboucher\/wp-json\/wp\/v2\/tags?post=5121"}],"curies":[{"name":"wp","href":"https:\/\/api.w.org\/{rel}","templated":true}]}}