{"id":3610,"date":"2019-05-06T14:30:19","date_gmt":"2019-05-06T12:30:19","guid":{"rendered":"http:\/\/www.api-colomiers.com\/heleneboucher\/?p=3610"},"modified":"2019-05-06T14:30:19","modified_gmt":"2019-05-06T12:30:19","slug":"agenda-maijuin","status":"publish","type":"post","link":"https:\/\/www.api-colomiers.com\/heleneboucher\/agenda-maijuin\/","title":{"rendered":"Agenda mai\/juin"},"content":{"rendered":"<p>Voici quelques dates \u00e0 retenir pour les prochaines semaines :<\/p>\n<ul>\n<li>13-20 mai: collecte de livres pour la bourse aux livres<\/li>\n<li>mardi 21 mai : bourse aux livres, dans la cour des CM (entre 16h et 18h)<\/li>\n<li>jeudi 23 mai : vernissage de la nouvelle exposition en maternelle \/ porte-ouvertes du coll\u00e8ge L\u00e9on Blum \u00e0 partir de 16h30<\/li>\n<li>lundi 27 mai : visite du coll\u00e8ge Jean-Jaur\u00e8s pour les CM2 affect\u00e9s \u00e0 ce coll\u00e8ge<\/li>\n<li>jeudi 20 juin : <span style=\"color: #ff6600;\"><strong>f\u00eate<\/strong><\/span> de l&rsquo;\u00e9cole \u00e9l\u00e9mentaire<\/li>\n<li>premi\u00e8re semaine de juillet : <span style=\"color: #3366ff;\"><strong>f\u00eate<\/strong><\/span> de l&rsquo;\u00e9cole maternelle<\/li>\n<li><a href=\"https:\/\/www.api-colomiers.com\/heleneboucher\/wp-content\/uploads\/2019\/05\/fe\u0302te-de\u0301cole.jpg\"><img loading=\"lazy\" decoding=\"async\" class=\"alignnone size-medium wp-image-3613\" src=\"https:\/\/www.api-colomiers.com\/heleneboucher\/wp-content\/uploads\/2019\/05\/fe\u0302te-de\u0301cole-300x136.jpg\" alt=\"Microsoft Word - inscription be\u0301ne\u0301voles fete ecole.doc\" width=\"300\" height=\"136\" srcset=\"https:\/\/www.api-colomiers.com\/heleneboucher\/wp-content\/uploads\/2019\/05\/fe\u0302te-de\u0301cole-300x136.jpg 300w, https:\/\/www.api-colomiers.com\/heleneboucher\/wp-content\/uploads\/2019\/05\/fe\u0302te-de\u0301cole.jpg 376w\" sizes=\"auto, (max-width: 300px) 100vw, 300px\" \/><\/a><\/li>\n<\/ul>\n<p>L&rsquo;\u00e9quipe API<\/p>\n","protected":false},"excerpt":{"rendered":"<p>Voici quelques dates \u00e0 retenir pour les prochaines semaines : 13-20 mai: collecte de livres pour la bourse aux livres mardi 21 mai : bourse aux livres, dans la cour des CM (entre 16h et 18h) jeudi 23 mai :<\/p>\n","protected":false},"author":2,"featured_media":0,"comment_status":"closed","ping_status":"closed","sticky":false,"template":"","format":"standard","meta":{"footnotes":""},"categories":[36],"tags":[],"class_list":["post-3610","post","type-post","status-publish","format-standard","hentry","category-conseils-de-parents"],"_links":{"self":[{"href":"https:\/\/www.api-colomiers.com\/heleneboucher\/wp-json\/wp\/v2\/posts\/3610","targetHints":{"allow":["GET"]}}],"collection":[{"href":"https:\/\/www.api-colomiers.com\/heleneboucher\/wp-json\/wp\/v2\/posts"}],"about":[{"href":"https:\/\/www.api-colomiers.com\/heleneboucher\/wp-json\/wp\/v2\/types\/post"}],"author":[{"embeddable":true,"href":"https:\/\/www.api-colomiers.com\/heleneboucher\/wp-json\/wp\/v2\/users\/2"}],"replies":[{"embeddable":true,"href":"https:\/\/www.api-colomiers.com\/heleneboucher\/wp-json\/wp\/v2\/comments?post=3610"}],"version-history":[{"count":0,"href":"https:\/\/www.api-colomiers.com\/heleneboucher\/wp-json\/wp\/v2\/posts\/3610\/revisions"}],"wp:attachment":[{"href":"https:\/\/www.api-colomiers.com\/heleneboucher\/wp-json\/wp\/v2\/media?parent=3610"}],"wp:term":[{"taxonomy":"category","embeddable":true,"href":"https:\/\/www.api-colomiers.com\/heleneboucher\/wp-json\/wp\/v2\/categories?post=3610"},{"taxonomy":"post_tag","embeddable":true,"href":"https:\/\/www.api-colomiers.com\/heleneboucher\/wp-json\/wp\/v2\/tags?post=3610"}],"curies":[{"name":"wp","href":"https:\/\/api.w.org\/{rel}","templated":true}]}}