{"id":10933,"date":"2026-08-31T09:38:04","date_gmt":"2026-08-31T07:38:04","guid":{"rendered":"https:\/\/www.api-colomiers.com\/heleneboucher\/?p=10933"},"modified":"2026-08-31T09:38:04","modified_gmt":"2026-08-31T07:38:04","slug":"%f0%9f%8e%92-rentree-2026-une-nouvelle-page-secrit-a-helene-boucher-%e2%9c%a8","status":"publish","type":"post","link":"https:\/\/www.api-colomiers.com\/heleneboucher\/%f0%9f%8e%92-rentree-2026-une-nouvelle-page-secrit-a-helene-boucher-%e2%9c%a8\/","title":{"rendered":"\ud83c\udf92 Rentr\u00e9e 2026 : une nouvelle page s\u2019\u00e9crit \u00e0 H\u00e9l\u00e8ne Boucher ! \u2728"},"content":{"rendered":"\n<p class=\"wp-block-paragraph\">\ud83c\udf92 <strong>Rentr\u00e9e 2026 : une nouvelle page s\u2019\u00e9crit \u00e0 H\u00e9l\u00e8ne Boucher !<\/strong> \u2728<\/p>\n\n\n\n<p class=\"wp-block-paragraph\">\ud83d\udccb <strong>Les listes de classes seront affich\u00e9es uniquement le jour de la rentr\u00e9e, directement dans l\u2019\u00e9cole.<\/strong><br>Pas d\u2019affichage en amont : il faudra donc patienter jusqu\u2019au jour J ! \ud83d\ude09<br>\ud83d\udc49 Retrouvez toutes les informations pratiques sur l\u2019affiche dans ce post.<\/p>\n\n\n\n<p class=\"wp-block-paragraph\">Cette rentr\u00e9e marque aussi un <strong>changement de direction<\/strong> : nous souhaitons la bienvenue \u00e0 <strong>Mme Alquier Bouffard<\/strong> dans son nouveau r\u00f4le de Direction de l&rsquo;\u00e9cole, qui prend la suite de<strong> Mme Fages.<\/strong><\/p>\n\n\n\n<p class=\"wp-block-paragraph\">\ud83d\udc90 Un grand <strong>merci \u00e0 Mme Fages<\/strong> pour cette ann\u00e9e pass\u00e9e \u00e0 nos c\u00f4t\u00e9s, pour son \u00e9coute, sa disponibilit\u00e9 et la qualit\u00e9 des \u00e9changes avec l\u2019API. Nous lui souhaitons une tr\u00e8s belle continuation pour la suite !<\/p>\n\n\n\n<p class=\"wp-block-paragraph\">\ud83d\udc69\u200d\ud83c\udfeb C\u00f4t\u00e9 enseignants, une partie de l\u2019\u00e9quipe se renouvelle, mais <strong>l\u2019\u00e9quipe est au complet pour cette nouvelle ann\u00e9e<\/strong>. Une bonne nouvelle pour d\u00e9marrer sereinement cette rentr\u00e9e ! \ud83d\ude80<\/p>\n\n\n\n<p class=\"wp-block-paragraph\">Alors, \u00e0 <strong>tous les enfants, parents, enseignants et membres des \u00e9quipes de l\u2019\u00e9cole<\/strong> :<br>\ud83c\udf92\ud83d\udcda <strong>tr\u00e8s belle rentr\u00e9e 2026 \u00e0 toutes et tous !<\/strong><br>Que cette nouvelle ann\u00e9e soit pleine de d\u00e9couvertes, de r\u00e9ussites et de beaux projets collectifs. \u2764\ufe0f<\/p>\n\n\n\n<p class=\"wp-block-paragraph\">\ud83e\udd1d <strong>Et l\u2019API H\u00e9l\u00e8ne Boucher ?<\/strong><br>Nous reviendrons tr\u00e8s prochainement vers vous concernant les <strong>enjeux et probl\u00e9matiques li\u00e9s \u00e0 l\u2019avenir de l\u2019\u00e9cole<\/strong>.<\/p>\n\n\n\n<p class=\"wp-block-paragraph\">Et pour continuer \u00e0 faire vivre l\u2019API H\u00e9l\u00e8ne Boucher, <strong>nous avons besoin de b\u00e9n\u00e9voles !<\/strong> \ud83d\ude4c<br>Parents d\u00e9j\u00e0 engag\u00e9s ou nouveaux venus, <strong>rejoignez-nous pour renouveler et renforcer l\u2019\u00e9quipe API H\u00e9l\u00e8ne Boucher.<\/strong><\/p>\n\n\n\n<p class=\"wp-block-paragraph\">\ud83d\udcc5 Une <strong>r\u00e9union de rentr\u00e9e API<\/strong> sera organis\u00e9e tr\u00e8s prochainement. La date sera communiqu\u00e9e prochainement.<\/p>\n\n\n\n<p class=\"wp-block-paragraph\">Parce qu\u2019une \u00e9cole, c\u2019est avant tout <strong>une communaut\u00e9 qui avance ensemble<\/strong>. \ud83d\udc99<\/p>\n\n\n\n<p class=\"wp-block-paragraph\"><strong>Tr\u00e8s belle rentr\u00e9e \u00e0 toutes et tous ! \ud83c\udf92\u2728<\/strong><\/p>\n\n\n\n<figure class=\"wp-block-image size-large\"><a href=\"https:\/\/www.api-colomiers.com\/heleneboucher\/wp-content\/uploads\/2026\/08\/message_Direction_ListeClasse2026.png\"><img loading=\"lazy\" decoding=\"async\" width=\"1024\" height=\"708\" src=\"https:\/\/www.api-colomiers.com\/heleneboucher\/wp-content\/uploads\/2026\/08\/message_Direction_ListeClasse2026-1024x708.png\" alt=\"\" class=\"wp-image-10934\" srcset=\"https:\/\/www.api-colomiers.com\/heleneboucher\/wp-content\/uploads\/2026\/08\/message_Direction_ListeClasse2026-1024x708.png 1024w, https:\/\/www.api-colomiers.com\/heleneboucher\/wp-content\/uploads\/2026\/08\/message_Direction_ListeClasse2026-300x207.png 300w, https:\/\/www.api-colomiers.com\/heleneboucher\/wp-content\/uploads\/2026\/08\/message_Direction_ListeClasse2026-768x531.png 768w, https:\/\/www.api-colomiers.com\/heleneboucher\/wp-content\/uploads\/2026\/08\/message_Direction_ListeClasse2026-1320x913.png 1320w, https:\/\/www.api-colomiers.com\/heleneboucher\/wp-content\/uploads\/2026\/08\/message_Direction_ListeClasse2026.png 1468w\" sizes=\"auto, (max-width: 1024px) 100vw, 1024px\" \/><\/a><\/figure>\n\n\n\n<figure class=\"wp-block-image size-large\"><a href=\"https:\/\/www.api-colomiers.com\/heleneboucher\/wp-content\/uploads\/2026\/08\/affiche_rentreeAPIHB2026.png\"><img loading=\"lazy\" decoding=\"async\" width=\"819\" height=\"1024\" src=\"https:\/\/www.api-colomiers.com\/heleneboucher\/wp-content\/uploads\/2026\/08\/affiche_rentreeAPIHB2026-819x1024.png\" alt=\"\" class=\"wp-image-10936\" srcset=\"https:\/\/www.api-colomiers.com\/heleneboucher\/wp-content\/uploads\/2026\/08\/affiche_rentreeAPIHB2026-819x1024.png 819w, https:\/\/www.api-colomiers.com\/heleneboucher\/wp-content\/uploads\/2026\/08\/affiche_rentreeAPIHB2026-240x300.png 240w, https:\/\/www.api-colomiers.com\/heleneboucher\/wp-content\/uploads\/2026\/08\/affiche_rentreeAPIHB2026-768x960.png 768w, https:\/\/www.api-colomiers.com\/heleneboucher\/wp-content\/uploads\/2026\/08\/affiche_rentreeAPIHB2026.png 1080w\" sizes=\"auto, (max-width: 819px) 100vw, 819px\" \/><\/a><\/figure>\n","protected":false},"excerpt":{"rendered":"<p>\ud83c\udf92 Rentr\u00e9e 2026 : une nouvelle page s\u2019\u00e9crit \u00e0 H\u00e9l\u00e8ne Boucher ! \u2728 \ud83d\udccb Les listes de classes seront affich\u00e9es uniquement le jour de la rentr\u00e9e, directement dans l\u2019\u00e9cole.Pas d\u2019affichage en amont : il faudra donc patienter jusqu\u2019au jour J<\/p>\n","protected":false},"author":2,"featured_media":0,"comment_status":"closed","ping_status":"open","sticky":false,"template":"","format":"standard","meta":{"footnotes":""},"categories":[15],"tags":[],"class_list":["post-10933","post","type-post","status-publish","format-standard","hentry","category-actions-pe"],"_links":{"self":[{"href":"https:\/\/www.api-colomiers.com\/heleneboucher\/wp-json\/wp\/v2\/posts\/10933","targetHints":{"allow":["GET"]}}],"collection":[{"href":"https:\/\/www.api-colomiers.com\/heleneboucher\/wp-json\/wp\/v2\/posts"}],"about":[{"href":"https:\/\/www.api-colomiers.com\/heleneboucher\/wp-json\/wp\/v2\/types\/post"}],"author":[{"embeddable":true,"href":"https:\/\/www.api-colomiers.com\/heleneboucher\/wp-json\/wp\/v2\/users\/2"}],"replies":[{"embeddable":true,"href":"https:\/\/www.api-colomiers.com\/heleneboucher\/wp-json\/wp\/v2\/comments?post=10933"}],"version-history":[{"count":1,"href":"https:\/\/www.api-colomiers.com\/heleneboucher\/wp-json\/wp\/v2\/posts\/10933\/revisions"}],"predecessor-version":[{"id":10937,"href":"https:\/\/www.api-colomiers.com\/heleneboucher\/wp-json\/wp\/v2\/posts\/10933\/revisions\/10937"}],"wp:attachment":[{"href":"https:\/\/www.api-colomiers.com\/heleneboucher\/wp-json\/wp\/v2\/media?parent=10933"}],"wp:term":[{"taxonomy":"category","embeddable":true,"href":"https:\/\/www.api-colomiers.com\/heleneboucher\/wp-json\/wp\/v2\/categories?post=10933"},{"taxonomy":"post_tag","embeddable":true,"href":"https:\/\/www.api-colomiers.com\/heleneboucher\/wp-json\/wp\/v2\/tags?post=10933"}],"curies":[{"name":"wp","href":"https:\/\/api.w.org\/{rel}","templated":true}]}}