{"id":10832,"date":"2026-03-12T23:16:29","date_gmt":"2026-03-12T22:16:29","guid":{"rendered":"https:\/\/www.api-colomiers.com\/heleneboucher\/?p=10832"},"modified":"2026-03-12T23:49:43","modified_gmt":"2026-03-12T22:49:43","slug":"avenir-de-notre-ecole-les-parents-demandent-des-reponses-et-de-la-stabilite","status":"publish","type":"post","link":"https:\/\/www.api-colomiers.com\/heleneboucher\/avenir-de-notre-ecole-les-parents-demandent-des-reponses-et-de-la-stabilite\/","title":{"rendered":"Avenir de notre \u00e9cole : les parents demandent des r\u00e9ponses et de la stabilit\u00e9"},"content":{"rendered":"\n<p>Les parents \u00e9lus de l&rsquo;association de parents d\u2019\u00e9l\u00e8ves souhaitent alerter les familles sur plusieurs \u00e9l\u00e9ments pr\u00e9occupants concernant l\u2019avenir de notre \u00e9cole et qui ont pu \u00eatre discut\u00e9 au pr\u00e9c\u00e9dent conseil de classe.<\/p>\n\n\n\n<h3 class=\"wp-block-heading\"><strong>Un courrier de l\u2019\u00e9quipe enseignante pour d\u00e9fendre un dispositif essentiel<\/strong><\/h3>\n\n\n\n<p>L\u2019\u00e9quipe p\u00e9dagogique a r\u00e9cemment adress\u00e9 un courrier \u00e0 l\u2019Inspection de l\u2019\u00c9ducation nationale afin d\u2019exprimer son inqui\u00e9tude face \u00e0 la possible remise en question du dispositif <strong>UPE2A<\/strong>, qui permet d\u2019accueillir et d\u2019accompagner les \u00e9l\u00e8ves allophones nouvellement arriv\u00e9s.<\/p>\n\n\n\n<p>Ce dispositif est pleinement int\u00e9gr\u00e9 dans la vie de l\u2019\u00e9cole depuis plusieurs ann\u00e9es. Les enseignants soulignent notamment :<\/p>\n\n\n\n<ul class=\"wp-block-list\">\n<li>un travail solide avec les familles,<\/li>\n\n\n\n<li>une \u00e9quipe exp\u00e9riment\u00e9e et engag\u00e9e,<\/li>\n\n\n\n<li>un projet d\u2019\u00e9cole qui valorise l\u2019ouverture culturelle et linguistique,<\/li>\n\n\n\n<li>des conditions favorables \u00e0 l\u2019inclusion et \u00e0 la r\u00e9ussite de ces \u00e9l\u00e8ves.<\/li>\n<\/ul>\n\n\n\n<p>La disparition ou le d\u00e9placement de ce dispositif fragiliserait un \u00e9quilibre p\u00e9dagogique construit dans la dur\u00e9e.<\/p>\n\n\n\n<h3 class=\"wp-block-heading\"><strong>Des effectifs pr\u00e9visionnels en baisse et beaucoup d\u2019incertitudes<\/strong><\/h3>\n\n\n\n<p>Par ailleurs, les effectifs pr\u00e9visionnels transmis par la mairie apparaissent en baisse. Cette situation suscite de nombreuses interrogations au sein de l\u2019\u00e9quipe p\u00e9dagogique quant aux cons\u00e9quences possibles pour l\u2019organisation de l\u2019\u00e9cole.<\/p>\n\n\n\n<p>\u00c0 ce jour, ces inqui\u00e9tudes restent <strong>sans r\u00e9ponse claire<\/strong>, ce qui alimente un sentiment d\u2019incertitude pour les \u00e9quipes comme pour les familles.<\/p>\n\n\n\n<h3 class=\"wp-block-heading\"><strong>Une \u00e9cole qui a d\u00e9j\u00e0 beaucoup chang\u00e9<\/strong><\/h3>\n\n\n\n<p>Notre \u00e9cole a d\u00e9j\u00e0 travers\u00e9 <strong>plusieurs transformations importantes ces derni\u00e8res ann\u00e9es<\/strong> :<\/p>\n\n\n\n<ul class=\"wp-block-list\">\n<li>plusieurs fermetures de classes,<\/li>\n\n\n\n<li>la fusion des \u00e9coles maternelle et \u00e9l\u00e9mentaire,<\/li>\n\n\n\n<li>des r\u00e9organisations successives pour les \u00e9quipes \u00e9ducatives.<\/li>\n<\/ul>\n\n\n\n<p>Ces \u00e9volutions ont demand\u00e9 beaucoup d\u2019adaptation de la part des enseignants, des enfants et des familles.<\/p>\n\n\n\n<p>Aujourd\u2019hui, nous pensons qu\u2019il est essentiel que l\u2019\u00e9cole puisse b\u00e9n\u00e9ficier <strong>d\u2019une p\u00e9riode de stabilit\u00e9 et de s\u00e9r\u00e9nit\u00e9.<\/strong><\/p>\n\n\n\n<h3 class=\"wp-block-heading\"><strong>L\u2019int\u00e9r\u00eat des enfants doit rester la priorit\u00e9<\/strong><\/h3>\n\n\n\n<p>La stabilit\u00e9 d\u2019une \u00e9cole n\u2019est pas un simple enjeu administratif. Elle est essentielle pour :<\/p>\n\n\n\n<ul class=\"wp-block-list\">\n<li>garantir de bonnes conditions d\u2019apprentissage,<\/li>\n\n\n\n<li>pr\u00e9server la qualit\u00e9 des projets p\u00e9dagogiques,<\/li>\n\n\n\n<li>assurer un cadre rassurant pour les enfants.<\/li>\n<\/ul>\n\n\n\n<p>Les \u00e9quipes \u00e9ducatives ont besoin de visibilit\u00e9 pour continuer \u00e0 construire des projets solides et accompagner les \u00e9l\u00e8ves dans les meilleures conditions.<\/p>\n\n\n\n<h3 class=\"wp-block-heading\"><strong>Notre association interpelle la mairie et l&rsquo;Inspection Acad\u00e9mique <\/strong><\/h3>\n\n\n\n<p>Face \u00e0 ces pr\u00e9occupations, l\u2019association de parents d\u2019\u00e9l\u00e8ves appelle la mairie \u00e0 :<\/p>\n\n\n\n<ul class=\"wp-block-list\">\n<li>apporter <strong>des r\u00e9ponses claires et transparentes<\/strong> sur les effectifs pr\u00e9visionnels et leurs cons\u00e9quences,<\/li>\n\n\n\n<li>soutenir la <strong>stabilit\u00e9 de notre \u00e9cole<\/strong>,<\/li>\n\n\n\n<li>prendre pleinement en compte <strong>le travail et l\u2019engagement de l\u2019\u00e9quipe p\u00e9dagogique<\/strong>.<\/li>\n<\/ul>\n\n\n\n<p>Nous demandons qu\u2019un dialogue constructif puisse s\u2019ouvrir rapidement afin d\u2019\u00e9viter de nouvelles incertitudes pour l\u2019\u00e9cole.<\/p>\n\n\n\n<h3 class=\"wp-block-heading\"><strong>Restons attentifs et mobilis\u00e9s<\/strong><\/h3>\n\n\n\n<p>Notre association continuera de suivre ce dossier avec attention et de relayer les informations aux familles.<\/p>\n\n\n\n<p>Nous invitons les parents \u00e0 rester attentifs aux prochaines communications et \u00e0 soutenir les d\u00e9marches visant \u00e0 pr\u00e9server <strong>un environnement scolaire stable, serein et favorable \u00e0 la r\u00e9ussite de tous les enfants<\/strong>.<\/p>\n\n\n\n<p><strong><em>N&rsquo;h\u00e9sitez pas \u00e0 nous tenir informer par mail d&rsquo;\u00e9ventuel impact de changement d&rsquo;\u00e9tablissement scolaire non souhait\u00e9 pour la rentr\u00e9e prochaine <\/em><\/strong><\/p>\n\n\n\n<figure class=\"wp-block-image size-large\"><a href=\"https:\/\/www.api-colomiers.com\/heleneboucher\/wp-content\/uploads\/2026\/03\/affiche_stabilite_Ecole2026.png\"><img loading=\"lazy\" decoding=\"async\" width=\"768\" height=\"1024\" src=\"https:\/\/www.api-colomiers.com\/heleneboucher\/wp-content\/uploads\/2026\/03\/affiche_stabilite_Ecole2026-768x1024.png\" alt=\"\" class=\"wp-image-10836\" srcset=\"https:\/\/www.api-colomiers.com\/heleneboucher\/wp-content\/uploads\/2026\/03\/affiche_stabilite_Ecole2026-768x1024.png 768w, https:\/\/www.api-colomiers.com\/heleneboucher\/wp-content\/uploads\/2026\/03\/affiche_stabilite_Ecole2026-225x300.png 225w, https:\/\/www.api-colomiers.com\/heleneboucher\/wp-content\/uploads\/2026\/03\/affiche_stabilite_Ecole2026.png 1080w\" sizes=\"auto, (max-width: 768px) 100vw, 768px\" \/><\/a><\/figure>\n","protected":false},"excerpt":{"rendered":"<p>Les parents \u00e9lus de l&rsquo;association de parents d\u2019\u00e9l\u00e8ves souhaitent alerter les familles sur plusieurs \u00e9l\u00e9ments pr\u00e9occupants concernant l\u2019avenir de notre \u00e9cole et qui ont pu \u00eatre discut\u00e9 au pr\u00e9c\u00e9dent conseil de classe. Un courrier de l\u2019\u00e9quipe enseignante pour d\u00e9fendre un<\/p>\n","protected":false},"author":2,"featured_media":0,"comment_status":"closed","ping_status":"open","sticky":false,"template":"","format":"standard","meta":{"footnotes":""},"categories":[15],"tags":[],"class_list":["post-10832","post","type-post","status-publish","format-standard","hentry","category-actions-pe"],"_links":{"self":[{"href":"https:\/\/www.api-colomiers.com\/heleneboucher\/wp-json\/wp\/v2\/posts\/10832","targetHints":{"allow":["GET"]}}],"collection":[{"href":"https:\/\/www.api-colomiers.com\/heleneboucher\/wp-json\/wp\/v2\/posts"}],"about":[{"href":"https:\/\/www.api-colomiers.com\/heleneboucher\/wp-json\/wp\/v2\/types\/post"}],"author":[{"embeddable":true,"href":"https:\/\/www.api-colomiers.com\/heleneboucher\/wp-json\/wp\/v2\/users\/2"}],"replies":[{"embeddable":true,"href":"https:\/\/www.api-colomiers.com\/heleneboucher\/wp-json\/wp\/v2\/comments?post=10832"}],"version-history":[{"count":6,"href":"https:\/\/www.api-colomiers.com\/heleneboucher\/wp-json\/wp\/v2\/posts\/10832\/revisions"}],"predecessor-version":[{"id":10839,"href":"https:\/\/www.api-colomiers.com\/heleneboucher\/wp-json\/wp\/v2\/posts\/10832\/revisions\/10839"}],"wp:attachment":[{"href":"https:\/\/www.api-colomiers.com\/heleneboucher\/wp-json\/wp\/v2\/media?parent=10832"}],"wp:term":[{"taxonomy":"category","embeddable":true,"href":"https:\/\/www.api-colomiers.com\/heleneboucher\/wp-json\/wp\/v2\/categories?post=10832"},{"taxonomy":"post_tag","embeddable":true,"href":"https:\/\/www.api-colomiers.com\/heleneboucher\/wp-json\/wp\/v2\/tags?post=10832"}],"curies":[{"name":"wp","href":"https:\/\/api.w.org\/{rel}","templated":true}]}}