{"id":10827,"date":"2026-03-11T23:05:30","date_gmt":"2026-03-11T22:05:30","guid":{"rendered":"https:\/\/www.api-colomiers.com\/heleneboucher\/?p=10827"},"modified":"2026-03-11T23:05:30","modified_gmt":"2026-03-11T22:05:30","slug":"compte-rendu-conseil-decole-primaire-fevrier-2026","status":"publish","type":"post","link":"https:\/\/www.api-colomiers.com\/heleneboucher\/compte-rendu-conseil-decole-primaire-fevrier-2026\/","title":{"rendered":"Compte-rendu Conseil d\u2019\u00e9cole primaire \u2013 F\u00e9vrier 2026"},"content":{"rendered":"\n<div class=\"wp-block-media-text is-stacked-on-mobile\" style=\"grid-template-columns:26% auto\"><figure class=\"wp-block-media-text__media\"><img loading=\"lazy\" decoding=\"async\" width=\"400\" height=\"387\" src=\"https:\/\/www.api-colomiers.com\/heleneboucher\/wp-content\/uploads\/2016\/05\/conseil_ecole.jpg\" alt=\"\" class=\"wp-image-884 size-full\" srcset=\"https:\/\/www.api-colomiers.com\/heleneboucher\/wp-content\/uploads\/2016\/05\/conseil_ecole.jpg 400w, https:\/\/www.api-colomiers.com\/heleneboucher\/wp-content\/uploads\/2016\/05\/conseil_ecole-300x290.jpg 300w\" sizes=\"auto, (max-width: 400px) 100vw, 400px\" \/><\/figure><div class=\"wp-block-media-text__content\">\n<p><strong>Le 2\u00e8me Conseil d\u2019\u00e9cole primaire (maternelle et \u00e9l\u00e9mentaire) a eu lieu lundi 16 f\u00e9vrier, voici le compte-rendu :<\/strong><\/p>\n\n\n\n<p>Travaux et Entretien, Organisation et Vie de l&rsquo;\u00e9cole, effectif de rentr\u00e9e, projets p\u00e9dagogiques scolaires et ALAE, actions pour la coop\u00e9rative scolaire \u2026<\/p>\n\n\n\n<p><strong><mark><mark style=\"background-color:#9b51e0\" class=\"has-inline-color has-white-color\">Des questions, des propositions, n\u2019h\u00e9sitez pas \u00e0 nous contacter ou tout simplement rejoindre l\u2019\u00e9quipe des parents API<\/mark><\/mark><\/strong><\/p>\n<\/div><\/div>\n\n\n\n<p><a href=\"https:\/\/www.api-colomiers.com\/heleneboucher\/wp-content\/uploads\/2026\/03\/Primaire-PV-CE2-160226.pdf\">Primaire-PV-CE2-160226<\/a><\/p>\n","protected":false},"excerpt":{"rendered":"<p>Le 2\u00e8me Conseil d\u2019\u00e9cole primaire (maternelle et \u00e9l\u00e9mentaire) a eu lieu lundi 16 f\u00e9vrier, voici le compte-rendu : Travaux et Entretien, Organisation et Vie de l&rsquo;\u00e9cole, effectif de rentr\u00e9e, projets p\u00e9dagogiques scolaires et ALAE, actions pour la coop\u00e9rative scolaire \u2026<\/p>\n","protected":false},"author":2,"featured_media":0,"comment_status":"closed","ping_status":"open","sticky":false,"template":"","format":"standard","meta":{"footnotes":""},"categories":[1],"tags":[],"class_list":["post-10827","post","type-post","status-publish","format-standard","hentry","category-non-classe"],"_links":{"self":[{"href":"https:\/\/www.api-colomiers.com\/heleneboucher\/wp-json\/wp\/v2\/posts\/10827","targetHints":{"allow":["GET"]}}],"collection":[{"href":"https:\/\/www.api-colomiers.com\/heleneboucher\/wp-json\/wp\/v2\/posts"}],"about":[{"href":"https:\/\/www.api-colomiers.com\/heleneboucher\/wp-json\/wp\/v2\/types\/post"}],"author":[{"embeddable":true,"href":"https:\/\/www.api-colomiers.com\/heleneboucher\/wp-json\/wp\/v2\/users\/2"}],"replies":[{"embeddable":true,"href":"https:\/\/www.api-colomiers.com\/heleneboucher\/wp-json\/wp\/v2\/comments?post=10827"}],"version-history":[{"count":1,"href":"https:\/\/www.api-colomiers.com\/heleneboucher\/wp-json\/wp\/v2\/posts\/10827\/revisions"}],"predecessor-version":[{"id":10830,"href":"https:\/\/www.api-colomiers.com\/heleneboucher\/wp-json\/wp\/v2\/posts\/10827\/revisions\/10830"}],"wp:attachment":[{"href":"https:\/\/www.api-colomiers.com\/heleneboucher\/wp-json\/wp\/v2\/media?parent=10827"}],"wp:term":[{"taxonomy":"category","embeddable":true,"href":"https:\/\/www.api-colomiers.com\/heleneboucher\/wp-json\/wp\/v2\/categories?post=10827"},{"taxonomy":"post_tag","embeddable":true,"href":"https:\/\/www.api-colomiers.com\/heleneboucher\/wp-json\/wp\/v2\/tags?post=10827"}],"curies":[{"name":"wp","href":"https:\/\/api.w.org\/{rel}","templated":true}]}}