{"id":10823,"date":"2026-03-11T22:44:35","date_gmt":"2026-03-11T21:44:35","guid":{"rendered":"https:\/\/www.api-colomiers.com\/heleneboucher\/?p=10823"},"modified":"2026-03-11T22:50:26","modified_gmt":"2026-03-11T21:50:26","slug":"%f0%9f%8e%93-%f0%9d%90%92%f0%9d%90%ad%f0%9d%90%ab%f0%9d%90%9e%f0%9d%90%ac%f0%9d%90%ac-%f0%9d%90%ac%f0%9d%90%9c%f0%9d%90%a8%f0%9d%90%a5%f0%9d%90%9a%f0%9d%90%a2%f0%9d%90%ab%f0%9d%90%9e-%f0%9d%90%9e","status":"publish","type":"post","link":"https:\/\/www.api-colomiers.com\/heleneboucher\/%f0%9f%8e%93-%f0%9d%90%92%f0%9d%90%ad%f0%9d%90%ab%f0%9d%90%9e%f0%9d%90%ac%f0%9d%90%ac-%f0%9d%90%ac%f0%9d%90%9c%f0%9d%90%a8%f0%9d%90%a5%f0%9d%90%9a%f0%9d%90%a2%f0%9d%90%ab%f0%9d%90%9e-%f0%9d%90%9e\/","title":{"rendered":"\ud83c\udf93 Stress scolaire : et si on en parlait entre parents ?"},"content":{"rendered":"\n<p>L&rsquo;\u00e9quipe API du Coll\u00e8ge Victor Hugo vous invite \u00e0 une soir\u00e9e parentalit\u00e9 sur le stress et la phobie scolaire.<\/p>\n\n\n\n<p><img loading=\"lazy\" decoding=\"async\" height=\"16\" width=\"16\" alt=\"\u2705\ufe0f\" src=\"https:\/\/static.xx.fbcdn.net\/images\/emoji.php\/v9\/tb4\/2\/16\/2705.png\"> Le d\u00e9roul\u00e9 de la soir\u00e9e en bref :<\/p>\n\n\n\n<p>D\u00e9finition du stress, de l&rsquo;anxi\u00e9t\u00e9 et de la phobie scolaire.<\/p>\n\n\n\n<p>Comment rep\u00e9rer les signes ?<\/p>\n\n\n\n<p>Comment aider votre enfant ?<\/p>\n\n\n\n<p>Foire aux questions et d\u00e9bat avec le public.<\/p>\n\n\n\n<p><img loading=\"lazy\" decoding=\"async\" height=\"16\" width=\"16\" alt=\"\u2705\ufe0f\" src=\"https:\/\/static.xx.fbcdn.net\/images\/emoji.php\/v9\/tb4\/2\/16\/2705.png\"> Pour qui ?<\/p>\n\n\n\n<p>Soir\u00e9e d\u00e9di\u00e9e aux parents qui souhaitent s&rsquo;informer ou approfondir leur connaissance sur le sujet du stress scolaire, que votre enfant soit d\u00e9j\u00e0 en situation de stress ou pas.<\/p>\n\n\n\n<p>Sachant que 77% des jeunes se disent stress\u00e9s \u00e0 un moment de leur parcours scolaire (Etude Psychodon 2022), s&rsquo;informer de fa\u00e7on pr\u00e9ventive permettra d&rsquo;avoir les bons r\u00e9flexes et d&rsquo;anticiper les situations compliqu\u00e9es. Vous pourrez aussi approfondir vos connaissances gr\u00e2ce aux diverses strat\u00e9gies de gestion de stress et de communication qui seront pr\u00e9sent\u00e9es, ainsi qu&rsquo;aux \u00e9changes questions\/r\u00e9ponses avec le public.<\/p>\n\n\n\n<p><img loading=\"lazy\" decoding=\"async\" height=\"16\" width=\"16\" src=\"https:\/\/static.xx.fbcdn.net\/images\/emoji.php\/v9\/tf\/2\/16\/2139.png\" alt=\"\u2139\ufe0f\"><strong> Soir\u00e9e destin\u00e9e aux parents d&rsquo;\u00e9l\u00e8ves de CM2, Coll\u00e8ge et Lyc\u00e9e. Les enfants ne sont toutefois pas convi\u00e9s \u00e0 cette soir\u00e9e d\u00e9bat afin de ne pas les offenser lors des \u00e9changes.<\/strong><\/p>\n\n\n\n<p><img loading=\"lazy\" decoding=\"async\" height=\"16\" width=\"16\" alt=\"\u2705\ufe0f\" src=\"https:\/\/static.xx.fbcdn.net\/images\/emoji.php\/v9\/tb4\/2\/16\/2705.png\"> O\u00f9 et quand ?<\/p>\n\n\n\n<p>Date et horaires : Jeudi 19 Mars 2026 de 19h00 \u00e0 20h30<\/p>\n\n\n\n<p>Adresse : Amphith\u00e9\u00e2tre du Coll\u00e8ge Victor Hugo, 33 Bd Victor Hugo, 31770 Colomiers<\/p>\n\n\n\n<p>Si vous avez des questions, contactez-nous \u00e0 l&rsquo;adresse api.colomiers.victorhugo@gmail.com<\/p>\n\n\n\n<p><img loading=\"lazy\" decoding=\"async\" height=\"16\" width=\"16\" alt=\"\u2705\ufe0f\" src=\"https:\/\/static.xx.fbcdn.net\/images\/emoji.php\/v9\/tb4\/2\/16\/2705.png\"> Comment y participer ?<\/p>\n\n\n\n<p>Inscription obligatoire en cliquant sur le lien ci-dessous, r\u00e9ponses souhait\u00e9es d&rsquo;ici le 18 mars. Pr\u00e9voir 3\u20ac \/ personne \u00e0 payer le soir m\u00eame (avec de la monnaie svp). Places limit\u00e9es.<\/p>\n\n\n\n<p><a href=\"https:\/\/docs.google.com\/forms\/d\/e\/1FAIpQLSdM5IfOLMEfx0GxTPA3GPyK8Ng48FQZcN7ti0eKntqF8JLm5g\/viewform?fbclid=IwY2xjawQewX1leHRuA2FlbQIxMABzcnRjBmFwcF9pZBAyMjIwMzkxNzg4MjAwODkyAAEeto6Y0jwHv7LN5RT34bI2I12Zz5j0pfhQXIYQIrupTZofH-IjNmDAJQo4WlM_aem_RH8yqN6Zc6BnfkOrR6C8GQ\">formulaire inscription<\/a><\/p>\n\n\n\n<p><img loading=\"lazy\" decoding=\"async\" height=\"16\" width=\"16\" alt=\"\u2705\ufe0f\" src=\"https:\/\/static.xx.fbcdn.net\/images\/emoji.php\/v9\/tb4\/2\/16\/2705.png\"> Qui organise ?<\/p>\n\n\n\n<p>Soir\u00e9e \u00e0 l&rsquo;initiative de l&rsquo;API Coll\u00e8ge Victor Hugo et anim\u00e9e par la p\u00e9dopsychologue et fondatrice de DOMY , Mme Mariane Cam.<\/p>\n\n\n\n<p>Nous remercions aussi le Coll\u00e8ge Victor Hugo et tout particuli\u00e8rement M Causs\u00e9, notre proviseur, de nous soutenir dans cette initiative.<\/p>\n\n\n\n<p>En esp\u00e9rant vous voir nombreux, \u00e0 tr\u00e8s bient\u00f4t !<\/p>\n\n\n\n<p><a href=\"https:\/\/www.facebook.com\/hashtag\/stressscolaire?__eep__=6&amp;__cft__[0]=AZZpXD93sf57JKxzrGzmpTRHdqRYICyREytzCDKeF8sUYTioqC7pb87cH-jZoZhFvOIqNX9tlZVt6ot1ADrzgB4DPQHKNCN_jKEBOp3k5imzpl9pBXZ6zo5NWon7W3tL5BdjAPbFu1U_yegIPGqtduibUd11bcu6HCgQy41dq5WoUjw6ou5-iixImV3wsTB3KCg&amp;__tn__=*NK-R\">#stressscolaire<\/a><a href=\"https:\/\/www.facebook.com\/hashtag\/phobiescolaire?__eep__=6&amp;__cft__[0]=AZZpXD93sf57JKxzrGzmpTRHdqRYICyREytzCDKeF8sUYTioqC7pb87cH-jZoZhFvOIqNX9tlZVt6ot1ADrzgB4DPQHKNCN_jKEBOp3k5imzpl9pBXZ6zo5NWon7W3tL5BdjAPbFu1U_yegIPGqtduibUd11bcu6HCgQy41dq5WoUjw6ou5-iixImV3wsTB3KCg&amp;__tn__=*NK-R\">#phobiescolaire<\/a><a href=\"https:\/\/www.facebook.com\/hashtag\/santementale?__eep__=6&amp;__cft__[0]=AZZpXD93sf57JKxzrGzmpTRHdqRYICyREytzCDKeF8sUYTioqC7pb87cH-jZoZhFvOIqNX9tlZVt6ot1ADrzgB4DPQHKNCN_jKEBOp3k5imzpl9pBXZ6zo5NWon7W3tL5BdjAPbFu1U_yegIPGqtduibUd11bcu6HCgQy41dq5WoUjw6ou5-iixImV3wsTB3KCg&amp;__tn__=*NK-R\">#santementale<\/a><a href=\"https:\/\/www.facebook.com\/hashtag\/parentalit%C3%A9?__eep__=6&amp;__cft__[0]=AZZpXD93sf57JKxzrGzmpTRHdqRYICyREytzCDKeF8sUYTioqC7pb87cH-jZoZhFvOIqNX9tlZVt6ot1ADrzgB4DPQHKNCN_jKEBOp3k5imzpl9pBXZ6zo5NWon7W3tL5BdjAPbFu1U_yegIPGqtduibUd11bcu6HCgQy41dq5WoUjw6ou5-iixImV3wsTB3KCg&amp;__tn__=*NK-R\">#parentalit\u00e9<\/a><\/p>\n\n\n\n<figure class=\"wp-block-image size-large\"><a href=\"https:\/\/www.api-colomiers.com\/heleneboucher\/wp-content\/uploads\/2026\/03\/648445397_950916044276964_7118915214500816209_n.jpg\"><img loading=\"lazy\" decoding=\"async\" width=\"878\" height=\"1024\" src=\"https:\/\/www.api-colomiers.com\/heleneboucher\/wp-content\/uploads\/2026\/03\/648445397_950916044276964_7118915214500816209_n-878x1024.jpg\" alt=\"\" class=\"wp-image-10824\" srcset=\"https:\/\/www.api-colomiers.com\/heleneboucher\/wp-content\/uploads\/2026\/03\/648445397_950916044276964_7118915214500816209_n-878x1024.jpg 878w, https:\/\/www.api-colomiers.com\/heleneboucher\/wp-content\/uploads\/2026\/03\/648445397_950916044276964_7118915214500816209_n-257x300.jpg 257w, https:\/\/www.api-colomiers.com\/heleneboucher\/wp-content\/uploads\/2026\/03\/648445397_950916044276964_7118915214500816209_n-768x896.jpg 768w, https:\/\/www.api-colomiers.com\/heleneboucher\/wp-content\/uploads\/2026\/03\/648445397_950916044276964_7118915214500816209_n.jpg 1080w\" sizes=\"auto, (max-width: 878px) 100vw, 878px\" \/><\/a><\/figure>\n","protected":false},"excerpt":{"rendered":"<p>L&rsquo;\u00e9quipe API du Coll\u00e8ge Victor Hugo vous invite \u00e0 une soir\u00e9e parentalit\u00e9 sur le stress et la phobie scolaire. Le d\u00e9roul\u00e9 de la soir\u00e9e en bref : D\u00e9finition du stress, de l&rsquo;anxi\u00e9t\u00e9 et de la phobie scolaire. Comment rep\u00e9rer les<\/p>\n","protected":false},"author":2,"featured_media":0,"comment_status":"closed","ping_status":"open","sticky":false,"template":"","format":"standard","meta":{"footnotes":""},"categories":[1],"tags":[],"class_list":["post-10823","post","type-post","status-publish","format-standard","hentry","category-non-classe"],"_links":{"self":[{"href":"https:\/\/www.api-colomiers.com\/heleneboucher\/wp-json\/wp\/v2\/posts\/10823","targetHints":{"allow":["GET"]}}],"collection":[{"href":"https:\/\/www.api-colomiers.com\/heleneboucher\/wp-json\/wp\/v2\/posts"}],"about":[{"href":"https:\/\/www.api-colomiers.com\/heleneboucher\/wp-json\/wp\/v2\/types\/post"}],"author":[{"embeddable":true,"href":"https:\/\/www.api-colomiers.com\/heleneboucher\/wp-json\/wp\/v2\/users\/2"}],"replies":[{"embeddable":true,"href":"https:\/\/www.api-colomiers.com\/heleneboucher\/wp-json\/wp\/v2\/comments?post=10823"}],"version-history":[{"count":2,"href":"https:\/\/www.api-colomiers.com\/heleneboucher\/wp-json\/wp\/v2\/posts\/10823\/revisions"}],"predecessor-version":[{"id":10826,"href":"https:\/\/www.api-colomiers.com\/heleneboucher\/wp-json\/wp\/v2\/posts\/10823\/revisions\/10826"}],"wp:attachment":[{"href":"https:\/\/www.api-colomiers.com\/heleneboucher\/wp-json\/wp\/v2\/media?parent=10823"}],"wp:term":[{"taxonomy":"category","embeddable":true,"href":"https:\/\/www.api-colomiers.com\/heleneboucher\/wp-json\/wp\/v2\/categories?post=10823"},{"taxonomy":"post_tag","embeddable":true,"href":"https:\/\/www.api-colomiers.com\/heleneboucher\/wp-json\/wp\/v2\/tags?post=10823"}],"curies":[{"name":"wp","href":"https:\/\/api.w.org\/{rel}","templated":true}]}}