{"id":10820,"date":"2026-03-11T22:41:16","date_gmt":"2026-03-11T21:41:16","guid":{"rendered":"https:\/\/www.api-colomiers.com\/heleneboucher\/?p=10820"},"modified":"2026-03-11T22:41:17","modified_gmt":"2026-03-11T21:41:17","slug":"%f0%9f%93%9a-ecoles-et-etablissements-scolaires-de-colomiers-ce-que-proposent-les-candidats-aux-municipales-2026","status":"publish","type":"post","link":"https:\/\/www.api-colomiers.com\/heleneboucher\/%f0%9f%93%9a-ecoles-et-etablissements-scolaires-de-colomiers-ce-que-proposent-les-candidats-aux-municipales-2026\/","title":{"rendered":"\ud83d\udcda \u00c9coles et \u00e9tablissements scolaires de Colomiers : ce que proposent les candidats aux municipales 2026"},"content":{"rendered":"\n<p>\u00c0 l\u2019approche des \u00e9lections municipales, notre association de parents d\u2019\u00e9l\u00e8ves a rencontr\u00e9 plusieurs listes candidates afin d\u2019\u00e9changer sur un sujet essentiel : <strong>l\u2019avenir des \u00e9coles, \u00e9tablissements scolaires et du p\u00e9riscolaire \u00e0 Colomiers<\/strong>.<\/p>\n\n\n\n<p>\ud83d\ude4f <strong>Nous remercions les listes candidates pour le temps consacr\u00e9 \u00e0 ces \u00e9changes<\/strong>, qui ont permis de discuter concr\u00e8tement des attentes des familles et des enfants de la ville.<\/p>\n\n\n\n<p>Au c\u0153ur des discussions : les priorit\u00e9s du <strong><a href=\"https:\/\/api-colomiers.com\/api\/wp-content\/uploads\/2026\/02\/Pacte_Educatif_Parents_Eleves_APIColomiers_ElectionsMunicipales2026-1.pdf\">Pacte \u00c9ducatif API Colomiers<\/a><\/strong> port\u00e9 par les parents :<br>\u2714\ufe0f r\u00e9novation et adaptation des \u00e9coles et \u00e9tablissements scolaires<br>\u2714\ufe0f s\u00e9curit\u00e9 et bien-\u00eatre des \u00e9l\u00e8ves<br>\u2714\ufe0f moyens humains dans les \u00e9coles et le p\u00e9riscolaire<br>\u2714\ufe0f inclusion et \u00e9galit\u00e9 des chances<br>\u2714\ufe0f restauration scolaire<br>\u2714\ufe0f dialogue avec les parents<\/p>\n\n\n\n<p>Notre objectif : <strong>informer les familles de mani\u00e8re claire et transparente<\/strong> sur les orientations pr\u00e9sent\u00e9es lors de ces rencontres.<\/p>\n\n\n\n<p>\ud83d\udc49 <strong>D\u00e9couvrez la synth\u00e8se des \u00e9changes et le rapport complet<\/strong> pour mieux comprendre les propositions concernant les \u00e9coles de Colomiers.<\/p>\n\n\n\n<p>\ud83d\udcd6 <strong><a href=\"http:\/\/api-colomiers.com\/api\/wp-content\/uploads\/2026\/03\/Bilan_APIColomiers_Rencontres_Liste_Candidates_Municipales_Colomiers2026_11032026.pdf\">Lire le rapport<\/a><\/strong><br>\ud83d\udcac <strong>Nous contacter pour en savoir plus<\/strong><br>\ud83e\udd1d <strong>Nous rejoindre pour faire entendre la voix des parents<\/strong><\/p>\n\n\n\n<p>Parce que <strong>l\u2019\u00e9cole est l\u2019affaire de tous<\/strong>, informons-nous et agissons ensemble pour l\u2019avenir des enfants de Colomiers.<\/p>\n\n\n\n<p><\/p>\n\n\n\n<figure class=\"wp-block-image size-large\"><a href=\"https:\/\/www.api-colomiers.com\/heleneboucher\/wp-content\/uploads\/2026\/03\/affiche_rapport_Bilan_APIColomiers_Municipales2026.png\"><img loading=\"lazy\" decoding=\"async\" width=\"683\" height=\"1024\" src=\"https:\/\/www.api-colomiers.com\/heleneboucher\/wp-content\/uploads\/2026\/03\/affiche_rapport_Bilan_APIColomiers_Municipales2026-683x1024.png\" alt=\"\" class=\"wp-image-10821\" srcset=\"https:\/\/www.api-colomiers.com\/heleneboucher\/wp-content\/uploads\/2026\/03\/affiche_rapport_Bilan_APIColomiers_Municipales2026-683x1024.png 683w, https:\/\/www.api-colomiers.com\/heleneboucher\/wp-content\/uploads\/2026\/03\/affiche_rapport_Bilan_APIColomiers_Municipales2026-200x300.png 200w, https:\/\/www.api-colomiers.com\/heleneboucher\/wp-content\/uploads\/2026\/03\/affiche_rapport_Bilan_APIColomiers_Municipales2026-768x1152.png 768w, https:\/\/www.api-colomiers.com\/heleneboucher\/wp-content\/uploads\/2026\/03\/affiche_rapport_Bilan_APIColomiers_Municipales2026.png 1024w\" sizes=\"auto, (max-width: 683px) 100vw, 683px\" \/><\/a><\/figure>\n","protected":false},"excerpt":{"rendered":"<p>\u00c0 l\u2019approche des \u00e9lections municipales, notre association de parents d\u2019\u00e9l\u00e8ves a rencontr\u00e9 plusieurs listes candidates afin d\u2019\u00e9changer sur un sujet essentiel : l\u2019avenir des \u00e9coles, \u00e9tablissements scolaires et du p\u00e9riscolaire \u00e0 Colomiers. \ud83d\ude4f Nous remercions les listes candidates pour le<\/p>\n","protected":false},"author":2,"featured_media":0,"comment_status":"closed","ping_status":"open","sticky":false,"template":"","format":"standard","meta":{"footnotes":""},"categories":[1],"tags":[],"class_list":["post-10820","post","type-post","status-publish","format-standard","hentry","category-non-classe"],"_links":{"self":[{"href":"https:\/\/www.api-colomiers.com\/heleneboucher\/wp-json\/wp\/v2\/posts\/10820","targetHints":{"allow":["GET"]}}],"collection":[{"href":"https:\/\/www.api-colomiers.com\/heleneboucher\/wp-json\/wp\/v2\/posts"}],"about":[{"href":"https:\/\/www.api-colomiers.com\/heleneboucher\/wp-json\/wp\/v2\/types\/post"}],"author":[{"embeddable":true,"href":"https:\/\/www.api-colomiers.com\/heleneboucher\/wp-json\/wp\/v2\/users\/2"}],"replies":[{"embeddable":true,"href":"https:\/\/www.api-colomiers.com\/heleneboucher\/wp-json\/wp\/v2\/comments?post=10820"}],"version-history":[{"count":1,"href":"https:\/\/www.api-colomiers.com\/heleneboucher\/wp-json\/wp\/v2\/posts\/10820\/revisions"}],"predecessor-version":[{"id":10822,"href":"https:\/\/www.api-colomiers.com\/heleneboucher\/wp-json\/wp\/v2\/posts\/10820\/revisions\/10822"}],"wp:attachment":[{"href":"https:\/\/www.api-colomiers.com\/heleneboucher\/wp-json\/wp\/v2\/media?parent=10820"}],"wp:term":[{"taxonomy":"category","embeddable":true,"href":"https:\/\/www.api-colomiers.com\/heleneboucher\/wp-json\/wp\/v2\/categories?post=10820"},{"taxonomy":"post_tag","embeddable":true,"href":"https:\/\/www.api-colomiers.com\/heleneboucher\/wp-json\/wp\/v2\/tags?post=10820"}],"curies":[{"name":"wp","href":"https:\/\/api.w.org\/{rel}","templated":true}]}}