{"id":10817,"date":"2026-03-11T22:39:01","date_gmt":"2026-03-11T21:39:01","guid":{"rendered":"https:\/\/www.api-colomiers.com\/heleneboucher\/?p=10817"},"modified":"2026-03-11T22:39:02","modified_gmt":"2026-03-11T21:39:02","slug":"sortirenfamille-cine-relax-seance-14-03","status":"publish","type":"post","link":"https:\/\/www.api-colomiers.com\/heleneboucher\/sortirenfamille-cine-relax-seance-14-03\/","title":{"rendered":"SortirEnFamille &#8211; CIN\u00c9 RELAX : S\u00e9ance 14\/03"},"content":{"rendered":"\n<p>Une nouvelle s\u00e9ance du dispositif Cin\u00e9 Relax aura lieu le samedi 14 mars \u00e0 14h30 au tarif unique de 5\u20ac. Le film diffus\u00e9 sera \u00ab&nbsp;Les enfants de la r\u00e9sistance \u00bb.<\/p>\n\n\n\n<p>Pour rappel, il s\u2019agit de s\u00e9ance de cin\u00e9ma adapt\u00e9e et conviviale pour tout un chacun&nbsp;:<\/p>\n\n\n\n<p>&#8211;&nbsp;&nbsp;&nbsp;&nbsp;&nbsp;&nbsp;&nbsp;&nbsp;&nbsp;&nbsp;Pr\u00e9sence de b\u00e9n\u00e9voles<\/p>\n\n\n\n<p>&#8211;&nbsp;&nbsp;&nbsp;&nbsp;&nbsp;&nbsp;&nbsp;&nbsp;&nbsp;&nbsp;Son mod\u00e9r\u00e9, lumi\u00e8re \u00e9teinte progressivement<\/p>\n\n\n\n<p>&#8211;&nbsp;&nbsp;&nbsp;&nbsp;&nbsp;&nbsp;&nbsp;&nbsp;&nbsp;&nbsp;Audiodescription et sous-titres<\/p>\n\n\n\n<p>&#8211;&nbsp;&nbsp;&nbsp;&nbsp;&nbsp;&nbsp;&nbsp;&nbsp;&nbsp;&nbsp;Absence de publicit\u00e9 et de bandes annonces<\/p>\n\n\n\n<p>&#8211;&nbsp;&nbsp;&nbsp;&nbsp;&nbsp;&nbsp;&nbsp;&nbsp;&nbsp;&nbsp;Salle accessible aux personnes \u00e0 mobilit\u00e9 r\u00e9duite<\/p>\n\n\n\n<p><a href=\"https:\/\/colomiers.veocinemas.fr\/events\/65296-cine-relax-or-les-enfants-de-la-resistance\">https:\/\/colomiers.veocinemas.fr\/events\/65296-cine-relax-or-les-enfants-de-la-resistance<\/a><\/p>\n\n\n\n<figure class=\"wp-block-image size-large\"><a href=\"https:\/\/www.api-colomiers.com\/heleneboucher\/wp-content\/uploads\/2026\/03\/cinerelaxmars2026.png\"><img loading=\"lazy\" decoding=\"async\" width=\"728\" height=\"1024\" src=\"https:\/\/www.api-colomiers.com\/heleneboucher\/wp-content\/uploads\/2026\/03\/cinerelaxmars2026-728x1024.png\" alt=\"\" class=\"wp-image-10818\" srcset=\"https:\/\/www.api-colomiers.com\/heleneboucher\/wp-content\/uploads\/2026\/03\/cinerelaxmars2026-728x1024.png 728w, https:\/\/www.api-colomiers.com\/heleneboucher\/wp-content\/uploads\/2026\/03\/cinerelaxmars2026-213x300.png 213w, https:\/\/www.api-colomiers.com\/heleneboucher\/wp-content\/uploads\/2026\/03\/cinerelaxmars2026-768x1080.png 768w, https:\/\/www.api-colomiers.com\/heleneboucher\/wp-content\/uploads\/2026\/03\/cinerelaxmars2026-1092x1536.png 1092w, https:\/\/www.api-colomiers.com\/heleneboucher\/wp-content\/uploads\/2026\/03\/cinerelaxmars2026.png 1290w\" sizes=\"auto, (max-width: 728px) 100vw, 728px\" \/><\/a><\/figure>\n","protected":false},"excerpt":{"rendered":"<p>Une nouvelle s\u00e9ance du dispositif Cin\u00e9 Relax aura lieu le samedi 14 mars \u00e0 14h30 au tarif unique de 5\u20ac. Le film diffus\u00e9 sera \u00ab&nbsp;Les enfants de la r\u00e9sistance \u00bb. Pour rappel, il s\u2019agit de s\u00e9ance de cin\u00e9ma adapt\u00e9e et<\/p>\n","protected":false},"author":2,"featured_media":0,"comment_status":"closed","ping_status":"open","sticky":false,"template":"","format":"standard","meta":{"footnotes":""},"categories":[1],"tags":[],"class_list":["post-10817","post","type-post","status-publish","format-standard","hentry","category-non-classe"],"_links":{"self":[{"href":"https:\/\/www.api-colomiers.com\/heleneboucher\/wp-json\/wp\/v2\/posts\/10817","targetHints":{"allow":["GET"]}}],"collection":[{"href":"https:\/\/www.api-colomiers.com\/heleneboucher\/wp-json\/wp\/v2\/posts"}],"about":[{"href":"https:\/\/www.api-colomiers.com\/heleneboucher\/wp-json\/wp\/v2\/types\/post"}],"author":[{"embeddable":true,"href":"https:\/\/www.api-colomiers.com\/heleneboucher\/wp-json\/wp\/v2\/users\/2"}],"replies":[{"embeddable":true,"href":"https:\/\/www.api-colomiers.com\/heleneboucher\/wp-json\/wp\/v2\/comments?post=10817"}],"version-history":[{"count":1,"href":"https:\/\/www.api-colomiers.com\/heleneboucher\/wp-json\/wp\/v2\/posts\/10817\/revisions"}],"predecessor-version":[{"id":10819,"href":"https:\/\/www.api-colomiers.com\/heleneboucher\/wp-json\/wp\/v2\/posts\/10817\/revisions\/10819"}],"wp:attachment":[{"href":"https:\/\/www.api-colomiers.com\/heleneboucher\/wp-json\/wp\/v2\/media?parent=10817"}],"wp:term":[{"taxonomy":"category","embeddable":true,"href":"https:\/\/www.api-colomiers.com\/heleneboucher\/wp-json\/wp\/v2\/categories?post=10817"},{"taxonomy":"post_tag","embeddable":true,"href":"https:\/\/www.api-colomiers.com\/heleneboucher\/wp-json\/wp\/v2\/tags?post=10817"}],"curies":[{"name":"wp","href":"https:\/\/api.w.org\/{rel}","templated":true}]}}