{"id":10802,"date":"2026-01-21T22:35:43","date_gmt":"2026-01-21T21:35:43","guid":{"rendered":"https:\/\/www.api-colomiers.com\/heleneboucher\/?p=10802"},"modified":"2026-01-21T22:35:43","modified_gmt":"2026-01-21T21:35:43","slug":"preparons-ensemble-le-prochain-conseil-decole","status":"publish","type":"post","link":"https:\/\/www.api-colomiers.com\/heleneboucher\/preparons-ensemble-le-prochain-conseil-decole\/","title":{"rendered":"Pr\u00e9parons ensemble le prochain conseil d\u2019\u00e9cole"},"content":{"rendered":"\n<div class=\"wp-block-media-text is-stacked-on-mobile\" style=\"grid-template-columns:27% auto\"><figure class=\"wp-block-media-text__media\"><img loading=\"lazy\" decoding=\"async\" width=\"400\" height=\"387\" src=\"https:\/\/www.api-colomiers.com\/heleneboucher\/wp-content\/uploads\/2016\/05\/conseil_ecole.jpg\" alt=\"\" class=\"wp-image-884 size-full\" srcset=\"https:\/\/www.api-colomiers.com\/heleneboucher\/wp-content\/uploads\/2016\/05\/conseil_ecole.jpg 400w, https:\/\/www.api-colomiers.com\/heleneboucher\/wp-content\/uploads\/2016\/05\/conseil_ecole-300x290.jpg 300w\" sizes=\"auto, (max-width: 400px) 100vw, 400px\" \/><\/figure><div class=\"wp-block-media-text__content\">\n<p>Le <strong>conseil d\u2019\u00e9cole du lundi 16 f\u00e9vrier<\/strong> est un moment cl\u00e9 pour faire entendre la voix des parents et contribuer \u00e0 l\u2019am\u00e9lioration de la vie scolaire de nos enfants.<br><br>En tant qu\u2019association de parents d\u2019\u00e9l\u00e8ves, nous souhaitons recueillir <strong>vos remarques, id\u00e9es et propositions d\u2019actions<\/strong> afin de les porter collectivement lors de cette instance.<\/p>\n<\/div><\/div>\n\n\n\n<h3 class=\"wp-block-heading\"><strong>Quels sujets pouvez-vous faire remonter ?<\/strong><\/h3>\n\n\n\n<p>Tous les sujets du quotidien scolaire peuvent \u00eatre abord\u00e9s, par exemple :<\/p>\n\n\n\n<ul class=\"wp-block-list\">\n<li>le bien-\u00eatre et la s\u00e9curit\u00e9 des \u00e9l\u00e8ves<\/li>\n\n\n\n<li>la vie de l\u2019\u00e9cole (rythmes, activit\u00e9s, projets)<\/li>\n\n\n\n<li>la restauration scolaire et les temps p\u00e9riscolaires<\/li>\n\n\n\n<li>la communication entre l\u2019\u00e9cole et les familles<\/li>\n\n\n\n<li>les locaux, \u00e9quipements ou am\u00e9nagements<\/li>\n\n\n\n<li>toute autre question ou suggestion que vous jugez utile<\/li>\n<\/ul>\n\n\n\n<h3 class=\"wp-block-heading\"><strong>Une r\u00e9union de pr\u00e9paration ouverte aux parents<\/strong><\/h3>\n\n\n\n<p>Afin d\u2019\u00e9changer et de pr\u00e9parer ensemble les points \u00e0 inscrire \u00e0 l\u2019ordre du jour, une <strong>r\u00e9union de pr\u00e9paration<\/strong> est organis\u00e9e avec les parents \u00e9lus:<\/p>\n\n\n\n<p>\ud83d\udcc5 <strong>Jeudi 29 janvier<\/strong><br>\ud83d\udd63 <strong>\u00c0 20h30<\/strong><br>\ud83d\udccd <strong>\u00c0 l\u2019\u00e9cole<\/strong><\/p>\n\n\n\n<p>Ce sera aussi l&rsquo;occasion d&rsquo;aborder les prochaines actions du reste de l&rsquo;ann\u00e9e.<br>Si vous \u00eates int\u00e9ress\u00e9s pour participer<br>\ud83d\udc49 <strong>Merci de pr\u00e9venir de votre pr\u00e9sence<\/strong>, pour des raisons d\u2019organisation. (<a href=\"mailto:api.heleneboucher@gmail.com\">api.heleneboucher@gmail.com<\/a>)<\/p>\n\n\n\n<h3 class=\"wp-block-heading\"><strong>Vous ne pouvez pas venir ?<\/strong><\/h3>\n\n\n\n<p>Il est bien s\u00fbr possible de nous transmettre vos questions ou id\u00e9es <strong>\u00e0 l\u2019avance<\/strong>, m\u00eame si vous ne pouvez pas assister \u00e0 la r\u00e9union. Chaque contribution compte.<\/p>\n\n\n\n<p>Ensemble, faisons de ce conseil d\u2019\u00e9cole un temps d\u2019\u00e9change constructif et utile pour nos enfants.<br>Nous comptons sur votre participation !<\/p>\n","protected":false},"excerpt":{"rendered":"<p>Le conseil d\u2019\u00e9cole du lundi 16 f\u00e9vrier est un moment cl\u00e9 pour faire entendre la voix des parents et contribuer \u00e0 l\u2019am\u00e9lioration de la vie scolaire de nos enfants. En tant qu\u2019association de parents d\u2019\u00e9l\u00e8ves, nous souhaitons recueillir vos remarques,<\/p>\n","protected":false},"author":2,"featured_media":0,"comment_status":"closed","ping_status":"open","sticky":false,"template":"","format":"standard","meta":{"footnotes":""},"categories":[15,36,20],"tags":[],"class_list":["post-10802","post","type-post","status-publish","format-standard","hentry","category-actions-pe","category-conseils-de-parents","category-primaire"],"_links":{"self":[{"href":"https:\/\/www.api-colomiers.com\/heleneboucher\/wp-json\/wp\/v2\/posts\/10802","targetHints":{"allow":["GET"]}}],"collection":[{"href":"https:\/\/www.api-colomiers.com\/heleneboucher\/wp-json\/wp\/v2\/posts"}],"about":[{"href":"https:\/\/www.api-colomiers.com\/heleneboucher\/wp-json\/wp\/v2\/types\/post"}],"author":[{"embeddable":true,"href":"https:\/\/www.api-colomiers.com\/heleneboucher\/wp-json\/wp\/v2\/users\/2"}],"replies":[{"embeddable":true,"href":"https:\/\/www.api-colomiers.com\/heleneboucher\/wp-json\/wp\/v2\/comments?post=10802"}],"version-history":[{"count":3,"href":"https:\/\/www.api-colomiers.com\/heleneboucher\/wp-json\/wp\/v2\/posts\/10802\/revisions"}],"predecessor-version":[{"id":10805,"href":"https:\/\/www.api-colomiers.com\/heleneboucher\/wp-json\/wp\/v2\/posts\/10802\/revisions\/10805"}],"wp:attachment":[{"href":"https:\/\/www.api-colomiers.com\/heleneboucher\/wp-json\/wp\/v2\/media?parent=10802"}],"wp:term":[{"taxonomy":"category","embeddable":true,"href":"https:\/\/www.api-colomiers.com\/heleneboucher\/wp-json\/wp\/v2\/categories?post=10802"},{"taxonomy":"post_tag","embeddable":true,"href":"https:\/\/www.api-colomiers.com\/heleneboucher\/wp-json\/wp\/v2\/tags?post=10802"}],"curies":[{"name":"wp","href":"https:\/\/api.w.org\/{rel}","templated":true}]}}