{"id":10799,"date":"2026-01-21T22:25:23","date_gmt":"2026-01-21T21:25:23","guid":{"rendered":"https:\/\/www.api-colomiers.com\/heleneboucher\/?p=10799"},"modified":"2026-01-21T22:25:24","modified_gmt":"2026-01-21T21:25:24","slug":"a-la-decouverte-de-la-gastronomie-un-voyage-de-savoirs-a-partager","status":"publish","type":"post","link":"https:\/\/www.api-colomiers.com\/heleneboucher\/a-la-decouverte-de-la-gastronomie-un-voyage-de-savoirs-a-partager\/","title":{"rendered":"\u00c0 la d\u00e9couverte de la gastronomie : un voyage de savoirs \u00e0 partager"},"content":{"rendered":"\n<div class=\"wp-block-media-text is-stacked-on-mobile\"><figure class=\"wp-block-media-text__media\"><img loading=\"lazy\" decoding=\"async\" width=\"425\" height=\"628\" src=\"https:\/\/www.api-colomiers.com\/heleneboucher\/wp-content\/uploads\/2026\/01\/universitePopulaire_2026.jpg\" alt=\"\" class=\"wp-image-10800 size-full\" srcset=\"https:\/\/www.api-colomiers.com\/heleneboucher\/wp-content\/uploads\/2026\/01\/universitePopulaire_2026.jpg 425w, https:\/\/www.api-colomiers.com\/heleneboucher\/wp-content\/uploads\/2026\/01\/universitePopulaire_2026-203x300.jpg 203w\" sizes=\"auto, (max-width: 425px) 100vw, 425px\" \/><\/figure><div class=\"wp-block-media-text__content\">\n<p>Cette&nbsp;&nbsp;&nbsp;&nbsp; &nbsp;12\u00e8me&nbsp;&nbsp;&nbsp;\u00e9dition de l&rsquo;&nbsp;&nbsp;&nbsp;<strong>Universit\u00e9 Populaire<\/strong>&nbsp;&nbsp;&nbsp;vous invite \u00e0 explorer le monde de la gastronomie et des arts culinaires.&nbsp;<br>A la crois\u00e9e du partage et de l&rsquo;histoire, ce cycle a \u00e9t\u00e9 con\u00e7u pour les gourmands de savoir et de saveurs.<\/p>\n\n\n\n<p><strong>Samedi 31 Janvier 18h00<\/strong>&nbsp;&nbsp; &#8211; Conf\u00e9rence d\u00e9gustation &lt;&lt; Histoire de la gastronomie fran\u00e7aise &gt;&gt; par Sylvie Campech&nbsp; &nbsp; &nbsp; &nbsp;<br><strong>Samedi 7 F\u00e9vrier 15h30&nbsp;<\/strong>&nbsp; &#8211; Atelier des saveurs &lt;&lt; l&rsquo;Histoire des Cr\u00eapes &gt;&gt; par Sylvie Campech&nbsp; &nbsp; &nbsp; &nbsp;<br><strong>Vendredi 13 F\u00e9vrier 18h30&nbsp;<\/strong>&nbsp; &#8211; Conf\u00e9rence &lt;&lt; En couleur, c&rsquo;est bien meilleur &gt;&gt;, par Agn\u00e8s Rullier<br><br>&nbsp;D\u00e9couvrez&nbsp;&nbsp; &nbsp;tout le programme et inscrivez-vous&nbsp; &nbsp; &nbsp; &nbsp; &nbsp;<br>&nbsp;&nbsp;<a href=\"https:\/\/app.novagouv.fr\/s\/zZvByt2Fz6ClzZaOrw--\" target=\"_blank\" rel=\"noreferrer noopener\">https:\/\/www.ville-colomiers.fr\/nos-projets\/universite-populaire-up<\/a><\/p>\n<\/div><\/div>\n","protected":false},"excerpt":{"rendered":"<p>Cette&nbsp;&nbsp;&nbsp;&nbsp; &nbsp;12\u00e8me&nbsp;&nbsp;&nbsp;\u00e9dition de l&rsquo;&nbsp;&nbsp;&nbsp;Universit\u00e9 Populaire&nbsp;&nbsp;&nbsp;vous invite \u00e0 explorer le monde de la gastronomie et des arts culinaires.&nbsp;A la crois\u00e9e du partage et de l&rsquo;histoire, ce cycle a \u00e9t\u00e9 con\u00e7u pour les gourmands de savoir et de saveurs. Samedi 31 Janvier<\/p>\n","protected":false},"author":2,"featured_media":0,"comment_status":"closed","ping_status":"open","sticky":false,"template":"","format":"standard","meta":{"footnotes":""},"categories":[38],"tags":[],"class_list":["post-10799","post","type-post","status-publish","format-standard","hentry","category-decouverte-activite"],"_links":{"self":[{"href":"https:\/\/www.api-colomiers.com\/heleneboucher\/wp-json\/wp\/v2\/posts\/10799","targetHints":{"allow":["GET"]}}],"collection":[{"href":"https:\/\/www.api-colomiers.com\/heleneboucher\/wp-json\/wp\/v2\/posts"}],"about":[{"href":"https:\/\/www.api-colomiers.com\/heleneboucher\/wp-json\/wp\/v2\/types\/post"}],"author":[{"embeddable":true,"href":"https:\/\/www.api-colomiers.com\/heleneboucher\/wp-json\/wp\/v2\/users\/2"}],"replies":[{"embeddable":true,"href":"https:\/\/www.api-colomiers.com\/heleneboucher\/wp-json\/wp\/v2\/comments?post=10799"}],"version-history":[{"count":1,"href":"https:\/\/www.api-colomiers.com\/heleneboucher\/wp-json\/wp\/v2\/posts\/10799\/revisions"}],"predecessor-version":[{"id":10801,"href":"https:\/\/www.api-colomiers.com\/heleneboucher\/wp-json\/wp\/v2\/posts\/10799\/revisions\/10801"}],"wp:attachment":[{"href":"https:\/\/www.api-colomiers.com\/heleneboucher\/wp-json\/wp\/v2\/media?parent=10799"}],"wp:term":[{"taxonomy":"category","embeddable":true,"href":"https:\/\/www.api-colomiers.com\/heleneboucher\/wp-json\/wp\/v2\/categories?post=10799"},{"taxonomy":"post_tag","embeddable":true,"href":"https:\/\/www.api-colomiers.com\/heleneboucher\/wp-json\/wp\/v2\/tags?post=10799"}],"curies":[{"name":"wp","href":"https:\/\/api.w.org\/{rel}","templated":true}]}}