{"id":10696,"date":"2025-07-14T11:42:26","date_gmt":"2025-07-14T09:42:26","guid":{"rendered":"https:\/\/www.api-colomiers.com\/heleneboucher\/?p=10696"},"modified":"2025-07-14T11:42:28","modified_gmt":"2025-07-14T09:42:28","slug":"rentree-2025-et-liste-fournitures","status":"publish","type":"post","link":"https:\/\/www.api-colomiers.com\/heleneboucher\/rentree-2025-et-liste-fournitures\/","title":{"rendered":"Rentr\u00e9e 2025 et liste fournitures&#8230;"},"content":{"rendered":"\n<p>Comme vous le savez l&rsquo;\u00e9cole maternelle et l&rsquo;\u00e9cole \u00e9l\u00e9mentaire\u00a0<em>H\u00e9l\u00e8ne Boucher\u00a0<\/em>fusionnent \u00e0 la rentr\u00e9e prochaine pour devenir l&rsquo;<strong>\u00e9cole primaire\u00a0<\/strong><em><u>H\u00e9l\u00e8ne BOUCHER<\/u><\/em>\u00a0<\/p>\n\n\n\n<p>Ceci va engendrer\u00a0<strong>quelques nouveaut\u00e9s de l&rsquo;\u00e9cole primaire H\u00e9l\u00e8ne Boucher\u00a0<\/strong>:<\/p>\n\n\n\n<ul class=\"wp-block-list\">\n<li>l&rsquo;entr\u00e9e administrative de l&rsquo;\u00e9cole primaire\u00a0<em>H\u00e9l\u00e8ne Boucher<\/em>\u00a0sera\u00a0 : 10, Chemin des Carri\u00e8res\u00a0(= l&rsquo;entr\u00e9e administrative actuelle de l&rsquo;\u00e9cole \u00e9l\u00e9mentaire\/ l&rsquo;entr\u00e9e administrative de l&rsquo;actuelle \u00e9cole maternelle rue du ch\u00e2teau d&rsquo;eau n&rsquo;existera plus)<\/li>\n\n\n\n<li>l&rsquo;adresse mail de l&rsquo;\u00e9cole primaire sera :\u00a0\u00a0<a href=\"mailto:ce.0310432b@ac-toulouse.fr\" target=\"_blank\" rel=\"noreferrer noopener\">ce.0310432b@ac-toulouse.fr<\/a>\u00a0(= mail actuelle de l&rsquo;\u00e9cole \u00e9l\u00e9mentaire\/ l&rsquo;adresse mail de l&rsquo;\u00e9cole maternelle ne sera plus op\u00e9rationnelle)<\/li>\n\n\n\n<li>une seule direction d&rsquo;\u00e9cole :\u00a0 <strong>Madame Isabelle\u00a0FAGES<\/strong>\u00a0sera la directrice de l&rsquo;\u00e9cole primaire.<\/li>\n<\/ul>\n\n\n\n<p><strong>Ce qui ne change pas \u00e0 la rentr\u00e9e :<\/strong><\/p>\n\n\n\n<ul class=\"wp-block-list\">\n<li>les entr\u00e9es des \u00e9l\u00e8ves sur temps scolaire restent inchange\u00e9s\u00a0 ( portails Chemin de Millassis)\u00a0 :<br>&#8211; pour l&rsquo;entr\u00e9e des\u00a0 \u00e9l\u00e8ves des classes maternelles petite section\/moyenne section\/grande section : le portail actuel de la maternelle<br>&#8211; pour l&rsquo;entr\u00e9e des \u00e9l\u00e8ves des classes\u00a0 du CP au CM2 : le portail actuel d&rsquo;ent\u00e9e des \u00e9l\u00e8ves de l&rsquo;\u00e9cole \u00e9l\u00e9mentaire<\/li>\n\n\n\n<li>les horaires restent les m\u00eames qu&rsquo;actuellement :<br>&#8211; pour les \u00e9l\u00e8ves des classes maternelles : 8h30-11h30 et\u00a0 13h40 -16h les lundis, mardis, jeudis, vendredis \/\u00a0 8h30-11h10 les mercredis<br>&#8211; pour les \u00e9l\u00e8ves du CP au CM2 : identiques: 8h30-11h30 et\u00a0 13h45 -16h les lundis, mardis, jeudis, vendredis \/\u00a0 8h30-11h30 les mercredis<\/li>\n\n\n\n<li>pas de changement concernant l\u2019organisation des ALAE maternelle et \u00e9l\u00e9mentaire.<\/li>\n<\/ul>\n\n\n\n<p><strong>Vous trouverez ci-dessous la liste de fourniture scolaire pour la rentr\u00e9e prochaine :<\/strong><\/p>\n\n\n\n<p><a href=\"https:\/\/www.api-colomiers.com\/heleneboucher\/wp-content\/uploads\/2025\/07\/Liste-de-fournitures-CE2-CM1-CM2.pdf\">Liste de Fournitures CE2 CM1 CM2<\/a><\/p>\n\n\n\n<p><\/p>\n","protected":false},"excerpt":{"rendered":"<p>Comme vous le savez l&rsquo;\u00e9cole maternelle et l&rsquo;\u00e9cole \u00e9l\u00e9mentaire\u00a0H\u00e9l\u00e8ne Boucher\u00a0fusionnent \u00e0 la rentr\u00e9e prochaine pour devenir l&rsquo;\u00e9cole primaire\u00a0H\u00e9l\u00e8ne BOUCHER\u00a0 Ceci va engendrer\u00a0quelques nouveaut\u00e9s de l&rsquo;\u00e9cole primaire H\u00e9l\u00e8ne Boucher\u00a0: Ce qui ne change pas \u00e0 la rentr\u00e9e : Vous trouverez ci-dessous<\/p>\n","protected":false},"author":2,"featured_media":0,"comment_status":"closed","ping_status":"open","sticky":false,"template":"","format":"standard","meta":{"footnotes":""},"categories":[35,20],"tags":[],"class_list":["post-10696","post","type-post","status-publish","format-standard","hentry","category-alae","category-primaire"],"_links":{"self":[{"href":"https:\/\/www.api-colomiers.com\/heleneboucher\/wp-json\/wp\/v2\/posts\/10696","targetHints":{"allow":["GET"]}}],"collection":[{"href":"https:\/\/www.api-colomiers.com\/heleneboucher\/wp-json\/wp\/v2\/posts"}],"about":[{"href":"https:\/\/www.api-colomiers.com\/heleneboucher\/wp-json\/wp\/v2\/types\/post"}],"author":[{"embeddable":true,"href":"https:\/\/www.api-colomiers.com\/heleneboucher\/wp-json\/wp\/v2\/users\/2"}],"replies":[{"embeddable":true,"href":"https:\/\/www.api-colomiers.com\/heleneboucher\/wp-json\/wp\/v2\/comments?post=10696"}],"version-history":[{"count":3,"href":"https:\/\/www.api-colomiers.com\/heleneboucher\/wp-json\/wp\/v2\/posts\/10696\/revisions"}],"predecessor-version":[{"id":10700,"href":"https:\/\/www.api-colomiers.com\/heleneboucher\/wp-json\/wp\/v2\/posts\/10696\/revisions\/10700"}],"wp:attachment":[{"href":"https:\/\/www.api-colomiers.com\/heleneboucher\/wp-json\/wp\/v2\/media?parent=10696"}],"wp:term":[{"taxonomy":"category","embeddable":true,"href":"https:\/\/www.api-colomiers.com\/heleneboucher\/wp-json\/wp\/v2\/categories?post=10696"},{"taxonomy":"post_tag","embeddable":true,"href":"https:\/\/www.api-colomiers.com\/heleneboucher\/wp-json\/wp\/v2\/tags?post=10696"}],"curies":[{"name":"wp","href":"https:\/\/api.w.org\/{rel}","templated":true}]}}