{"id":10522,"date":"2025-02-06T22:13:23","date_gmt":"2025-02-06T21:13:23","guid":{"rendered":"https:\/\/www.api-colomiers.com\/heleneboucher\/?p=10522"},"modified":"2025-02-06T22:13:27","modified_gmt":"2025-02-06T21:13:27","slug":"maternelle-ordre-du-jour-conseil-decole","status":"publish","type":"post","link":"https:\/\/www.api-colomiers.com\/heleneboucher\/maternelle-ordre-du-jour-conseil-decole\/","title":{"rendered":"Maternelle : Ordre du jour conseil d\u2019\u00e9cole"},"content":{"rendered":"\n<p>Chers parents,<\/p>\n\n\n\n<p>Le conseil d\u2019\u00e9cole aura lieu le <strong>Jeudi 06 f\u00e9vrier.<\/strong><\/p>\n\n\n\n<p>En tant que porte-paroles des parents d\u2019\u00e9l\u00e8ves, nos \u00e9lus titulaires assisteront \u00e0 ce conseil. Ainsi, vous trouverez ci-dessous l&rsquo;ordre du jour<\/p>\n\n\n\n<ol class=\"wp-block-list\">\n<li>Avis sur une \u00e9ventuelle fusion des \u00e9coles maternelles et \u00e9l\u00e9mentaire H\u00e9l\u00e8ne Boucher<\/li>\n\n\n\n<li>Vie scolaire\n<ul class=\"wp-block-list\">\n<li>Effectifs actuels \/ Effectif pr\u00e9visionnel rentr\u00e9e 2025<\/li>\n\n\n\n<li>Charte des collaborations ATSEM \/ professeurs des \u00e9coles<\/li>\n<\/ul>\n<\/li>\n\n\n\n<li>Projet d&rsquo;\u00e9cole\n<ul class=\"wp-block-list\">\n<li>Projet \u00e0 venir (projets p\u00e9dagogiques, sorties, f\u00eates de l&rsquo;\u00e9cole)<\/li>\n\n\n\n<li>Liaison cr\u00e8che-\u00e9cole<\/li>\n\n\n\n<li>Projets ALAE\/PEDT<\/li>\n<\/ul>\n<\/li>\n\n\n\n<li>Coop\u00e9rative scolaire\n<ul class=\"wp-block-list\">\n<li>Etat des comptes<\/li>\n<\/ul>\n<\/li>\n\n\n\n<li>Questions des parents \u00e9lus\n<ul class=\"wp-block-list\">\n<li>Point m\u00e9nage, quelles sont les \u00e9volutions suite aux visites et aux non conformit\u00e9s relev\u00e9es<\/li>\n\n\n\n<li>ALAE : visibilit\u00e9 sur les activit\u00e9s propos\u00e9es<\/li>\n\n\n\n<li>Gestion des temps de passage aux toilettes en temps de classe et ALAE<\/li>\n<\/ul>\n<\/li>\n<\/ol>\n\n\n\n<div style=\"height:0px\" aria-hidden=\"true\" class=\"wp-block-spacer\"><\/div>\n\n\n\n<p>Merci d\u2019avance.<\/p>\n\n\n\n<p>Vos repr\u00e9sentants API maternelle H\u00e9l\u00e8ne Boucher<\/p>\n","protected":false},"excerpt":{"rendered":"<p>Chers parents, Le conseil d\u2019\u00e9cole aura lieu le Jeudi 06 f\u00e9vrier. En tant que porte-paroles des parents d\u2019\u00e9l\u00e8ves, nos \u00e9lus titulaires assisteront \u00e0 ce conseil. Ainsi, vous trouverez ci-dessous l&rsquo;ordre du jour Merci d\u2019avance. Vos repr\u00e9sentants API maternelle H\u00e9l\u00e8ne Boucher<\/p>\n","protected":false},"author":33,"featured_media":0,"comment_status":"closed","ping_status":"open","sticky":false,"template":"","format":"standard","meta":{"footnotes":""},"categories":[36,8],"tags":[32],"class_list":["post-10522","post","type-post","status-publish","format-standard","hentry","category-conseils-de-parents","category-maternelle","tag-maternelle"],"_links":{"self":[{"href":"https:\/\/www.api-colomiers.com\/heleneboucher\/wp-json\/wp\/v2\/posts\/10522","targetHints":{"allow":["GET"]}}],"collection":[{"href":"https:\/\/www.api-colomiers.com\/heleneboucher\/wp-json\/wp\/v2\/posts"}],"about":[{"href":"https:\/\/www.api-colomiers.com\/heleneboucher\/wp-json\/wp\/v2\/types\/post"}],"author":[{"embeddable":true,"href":"https:\/\/www.api-colomiers.com\/heleneboucher\/wp-json\/wp\/v2\/users\/33"}],"replies":[{"embeddable":true,"href":"https:\/\/www.api-colomiers.com\/heleneboucher\/wp-json\/wp\/v2\/comments?post=10522"}],"version-history":[{"count":5,"href":"https:\/\/www.api-colomiers.com\/heleneboucher\/wp-json\/wp\/v2\/posts\/10522\/revisions"}],"predecessor-version":[{"id":10527,"href":"https:\/\/www.api-colomiers.com\/heleneboucher\/wp-json\/wp\/v2\/posts\/10522\/revisions\/10527"}],"wp:attachment":[{"href":"https:\/\/www.api-colomiers.com\/heleneboucher\/wp-json\/wp\/v2\/media?parent=10522"}],"wp:term":[{"taxonomy":"category","embeddable":true,"href":"https:\/\/www.api-colomiers.com\/heleneboucher\/wp-json\/wp\/v2\/categories?post=10522"},{"taxonomy":"post_tag","embeddable":true,"href":"https:\/\/www.api-colomiers.com\/heleneboucher\/wp-json\/wp\/v2\/tags?post=10522"}],"curies":[{"name":"wp","href":"https:\/\/api.w.org\/{rel}","templated":true}]}}