{"id":10510,"date":"2025-01-18T14:01:58","date_gmt":"2025-01-18T13:01:58","guid":{"rendered":"https:\/\/www.api-colomiers.com\/heleneboucher\/?p=10510"},"modified":"2025-01-30T08:49:22","modified_gmt":"2025-01-30T07:49:22","slug":"projet-de-fusion-des-ecoles-maternelle-et-elementaire-pour-la-rentree-2025-2026","status":"publish","type":"post","link":"https:\/\/www.api-colomiers.com\/heleneboucher\/projet-de-fusion-des-ecoles-maternelle-et-elementaire-pour-la-rentree-2025-2026\/","title":{"rendered":"Projet de fusion des \u00e9coles maternelle et \u00e9l\u00e9mentaire pour la rentr\u00e9e 2025-2026 ?"},"content":{"rendered":"\n<div class=\"wp-block-media-text is-stacked-on-mobile\" style=\"grid-template-columns:33% auto\"><figure class=\"wp-block-media-text__media\"><img loading=\"lazy\" decoding=\"async\" width=\"500\" height=\"437\" src=\"https:\/\/www.api-colomiers.com\/heleneboucher\/wp-content\/uploads\/2025\/01\/73963964.jpg\" alt=\"\" class=\"wp-image-10511 size-full\" srcset=\"https:\/\/www.api-colomiers.com\/heleneboucher\/wp-content\/uploads\/2025\/01\/73963964.jpg 500w, https:\/\/www.api-colomiers.com\/heleneboucher\/wp-content\/uploads\/2025\/01\/73963964-300x262.jpg 300w\" sizes=\"auto, (max-width: 500px) 100vw, 500px\" \/><\/figure><div class=\"wp-block-media-text__content\">\n<p>Avec la baisse d\u2019effectif et les fermeture successives de classes ces derni\u00e8res ann\u00e9es, en 2024 s\u2019est pos\u00e9e la question d&rsquo;<strong><mark style=\"background-color:rgba(0, 0, 0, 0)\" class=\"has-inline-color has-vivid-purple-color\">un projet de fusion des \u00e9coles maternelle et \u00e9l\u00e9mentaire par l\u2019\u00e9ducation nationale pour devenir une seule \u00e9cole primaire. Ce projet n&rsquo;a finalement pas eu lieu pour cette rentr\u00e9e scolaire<\/mark><\/strong><br><br>N\u00e9anmoins, compte tenu de la <strong>baisse d\u2019effectif globale au niveau national et aussi sur Colomiers<\/strong> (une des causes est due \u00e0 la baisse de natalit\u00e9 au niveau national), <strong><mark style=\"background-color:rgba(0, 0, 0, 0)\" class=\"has-inline-color has-vivid-purple-color\">nous venons d\u2019apprendre qu\u2019une nouvelle classe \u00e9l\u00e9mentaire devra fermer \u00e0 la rentr\u00e9e prochaine 2025<\/mark> <\/strong>ce qui remet une nouvelle fois sur la table la question d&rsquo;un <mark style=\"background-color:rgba(0, 0, 0, 0)\" class=\"has-inline-color has-vivid-purple-color\"><strong>projet fusion des deux \u00e9coles par le Directeur de l\u2019acad\u00e9mie pour la rentr\u00e9e 2025-2026<\/strong>.<\/mark><\/p>\n<\/div><\/div>\n\n\n\n<p><br><strong>Dans le processus de d\u00e9cision du projet de fusion<\/strong>, des conseils d\u2019\u00e9cole extraordinaires vont \u00eatre organis\u00e9s pour prendre l\u2019avis des enseignants et des parents, l\u2019avis \u00e9galement de la mairie avec au final une d\u00e9cision et validation par le Directeur de l\u2019acad\u00e9mie des Toulouse et une prise d&rsquo;acte de la d\u00e9cision en conseil municipal de Colomiers.<\/p>\n\n\n\n<p><strong><mark style=\"background-color:rgba(0, 0, 0, 0)\" class=\"has-inline-color has-vivid-cyan-blue-color\">C\u2019est en ce sens que nous revenons vers vous pour recueillir vos questions, commentaires, suggestions sur ce sujet de mani\u00e8re \u00e0 construire et donner un avis \u00e9clair\u00e9 lors des prochains CE extraordinaire du 06\/02<\/mark><\/strong>. Vous trouverez ci-dessous quelques explications sur les deux scenarii en cas de fusion et ou de maintiens des deux \u00e9coles avec la fermeture de classe c\u00f4t\u00e9 \u00e9l\u00e9mentaire.<\/p>\n\n\n\n<p><strong><mark style=\"background-color:rgba(0, 0, 0, 0)\" class=\"has-inline-color has-vivid-purple-color\">Cas 1 : fermeture d\u2019une classe \u00e9l\u00e9mentaire et maintien des deux \u00e9coles maternelle et \u00e9l\u00e9mentaire :&nbsp;<\/mark><\/strong><\/p>\n\n\n\n<ul class=\"wp-block-list\">\n<li>perte de la d\u00e9charge de direction de l\u2019\u00e9cole et r\u00e9duite \u00e0 50% avec les impacts associ\u00e9s sur l\u2019organisation de l\u2019\u00e9cole et le support d&rsquo;accueil aux parents.<\/li>\n\n\n\n<li>perte d\u2019un poste avec le d\u00e9part de Mme Tourange CM2 qui est la derni\u00e8re titulaire arriv\u00e9e sur l&rsquo;\u00e9tablissement (r\u00e8gle de l&rsquo;\u00e9ducation Nationale)<\/li>\n\n\n\n<li>en cas de fermeture d\u2019une nouvelle classe maternelle ou \u00e9l\u00e9mentaire, la fusion des deux \u00e9coles sera obligatoire &nbsp;<\/li>\n<\/ul>\n\n\n\n<p><strong><mark style=\"background-color:rgba(0, 0, 0, 0)\" class=\"has-inline-color has-vivid-purple-color\">Cas 2 :&nbsp; fermeture d\u2019une classe \u00e9l\u00e9mentaire et fusion des deux \u00e9coles maternelle et \u00e9l\u00e9mentaire<\/mark><\/strong><\/p>\n\n\n\n<ul class=\"wp-block-list\">\n<li>maintien du poste c\u00f4t\u00e9 \u00e9l\u00e9mentaire et potentiellement la cr\u00e9ation d\u2019une classe Grande Section\/CP suivant les effectifs<\/li>\n\n\n\n<li>1 seule Direction au lieu de deux sur l\u2019ensemble de l\u2019\u00e9tablissement avec une d\u00e9charge \u00e0 temps plein pour la Direction<\/li>\n\n\n\n<li>r\u00e9am\u00e9nagement des locaux \u00e0 pr\u00e9voir sans gros travaux sur lequel lequel les parents pourront \u00eatre associ\u00e9s.<\/li>\n<\/ul>\n\n\n\n<p><strong><mark style=\"background-color:rgba(0, 0, 0, 0)\" class=\"has-inline-color has-vivid-cyan-blue-color\">Nous avons une r\u00e9union pr\u00e9paratoire ce lundi entre les parents \u00e9lus API pour discuter du sujet et construire un avis pour les prochains Conseils d&rsquo;Ecole Extraordinaire de f\u00e9vrier, n\u2019h\u00e9sitez pas \u00e0 nous envoyer vos questionnements d\u2019ici l\u00e0, commentaires, suggestions,\u2026 \u00e0 l&rsquo;adresse api.heleneboucher@gmail.com<\/mark><\/strong><\/p>\n\n\n\n<p>Nous vous tiendrons informer de l&rsquo;avancement de ce projet dans les prochains jours et semaines en fonction des diff\u00e9rentes rencontres que nous aurons avec la mairie, l&rsquo;inspecteur de l&rsquo;\u00e9ducation nationale de circonscription&#8230;<\/p>\n","protected":false},"excerpt":{"rendered":"<p>Avec la baisse d\u2019effectif et les fermeture successives de classes ces derni\u00e8res ann\u00e9es, en 2024 s\u2019est pos\u00e9e la question d&rsquo;un projet de fusion des \u00e9coles maternelle et \u00e9l\u00e9mentaire par l\u2019\u00e9ducation nationale pour devenir une seule \u00e9cole primaire. Ce projet n&rsquo;a<\/p>\n","protected":false},"author":2,"featured_media":0,"comment_status":"closed","ping_status":"open","sticky":false,"template":"","format":"standard","meta":{"footnotes":""},"categories":[8,20],"tags":[],"class_list":["post-10510","post","type-post","status-publish","format-standard","hentry","category-maternelle","category-primaire"],"_links":{"self":[{"href":"https:\/\/www.api-colomiers.com\/heleneboucher\/wp-json\/wp\/v2\/posts\/10510","targetHints":{"allow":["GET"]}}],"collection":[{"href":"https:\/\/www.api-colomiers.com\/heleneboucher\/wp-json\/wp\/v2\/posts"}],"about":[{"href":"https:\/\/www.api-colomiers.com\/heleneboucher\/wp-json\/wp\/v2\/types\/post"}],"author":[{"embeddable":true,"href":"https:\/\/www.api-colomiers.com\/heleneboucher\/wp-json\/wp\/v2\/users\/2"}],"replies":[{"embeddable":true,"href":"https:\/\/www.api-colomiers.com\/heleneboucher\/wp-json\/wp\/v2\/comments?post=10510"}],"version-history":[{"count":6,"href":"https:\/\/www.api-colomiers.com\/heleneboucher\/wp-json\/wp\/v2\/posts\/10510\/revisions"}],"predecessor-version":[{"id":10520,"href":"https:\/\/www.api-colomiers.com\/heleneboucher\/wp-json\/wp\/v2\/posts\/10510\/revisions\/10520"}],"wp:attachment":[{"href":"https:\/\/www.api-colomiers.com\/heleneboucher\/wp-json\/wp\/v2\/media?parent=10510"}],"wp:term":[{"taxonomy":"category","embeddable":true,"href":"https:\/\/www.api-colomiers.com\/heleneboucher\/wp-json\/wp\/v2\/categories?post=10510"},{"taxonomy":"post_tag","embeddable":true,"href":"https:\/\/www.api-colomiers.com\/heleneboucher\/wp-json\/wp\/v2\/tags?post=10510"}],"curies":[{"name":"wp","href":"https:\/\/api.w.org\/{rel}","templated":true}]}}