{"id":10486,"date":"2025-01-01T12:25:26","date_gmt":"2025-01-01T11:25:26","guid":{"rendered":"https:\/\/www.api-colomiers.com\/heleneboucher\/?p=10486"},"modified":"2025-01-01T12:25:29","modified_gmt":"2025-01-01T11:25:29","slug":"bonne-annee-2025-a-tous","status":"publish","type":"post","link":"https:\/\/www.api-colomiers.com\/heleneboucher\/bonne-annee-2025-a-tous\/","title":{"rendered":"Bonne ann\u00e9e 2025 \u00e0 toutes et \u00e0 tous !"},"content":{"rendered":"\n<p>En ce d\u00e9but d&rsquo;ann\u00e9e, toute l&rsquo;\u00e9quipe de l&rsquo;association des <strong>Parents d&rsquo;\u00e9l\u00e8ves Ind\u00e9pendants de Colomiers<\/strong> vous adresse ses v\u0153ux les plus sinc\u00e8res <strong>de bonheur, de sant\u00e9 et de r\u00e9ussite<\/strong>.<\/p>\n\n\n\n<p>Meilleurs v\u0153ux pour cette nouvelle ann\u00e9e !<\/p>\n\n\n\n<figure class=\"wp-block-image size-large\"><a href=\"https:\/\/www.api-colomiers.com\/heleneboucher\/wp-content\/uploads\/2024\/12\/Carte-de-Voeux-2025.png\"><img loading=\"lazy\" decoding=\"async\" width=\"1024\" height=\"1024\" src=\"https:\/\/www.api-colomiers.com\/heleneboucher\/wp-content\/uploads\/2024\/12\/Carte-de-Voeux-2025-1024x1024.png\" alt=\"\" class=\"wp-image-10487\" srcset=\"https:\/\/www.api-colomiers.com\/heleneboucher\/wp-content\/uploads\/2024\/12\/Carte-de-Voeux-2025-1024x1024.png 1024w, https:\/\/www.api-colomiers.com\/heleneboucher\/wp-content\/uploads\/2024\/12\/Carte-de-Voeux-2025-300x300.png 300w, https:\/\/www.api-colomiers.com\/heleneboucher\/wp-content\/uploads\/2024\/12\/Carte-de-Voeux-2025-150x150.png 150w, https:\/\/www.api-colomiers.com\/heleneboucher\/wp-content\/uploads\/2024\/12\/Carte-de-Voeux-2025-768x768.png 768w, https:\/\/www.api-colomiers.com\/heleneboucher\/wp-content\/uploads\/2024\/12\/Carte-de-Voeux-2025-270x270.png 270w, https:\/\/www.api-colomiers.com\/heleneboucher\/wp-content\/uploads\/2024\/12\/Carte-de-Voeux-2025-230x230.png 230w, https:\/\/www.api-colomiers.com\/heleneboucher\/wp-content\/uploads\/2024\/12\/Carte-de-Voeux-2025-1320x1320.png 1320w, https:\/\/www.api-colomiers.com\/heleneboucher\/wp-content\/uploads\/2024\/12\/Carte-de-Voeux-2025.png 1500w\" sizes=\"auto, (max-width: 1024px) 100vw, 1024px\" \/><\/a><\/figure>\n","protected":false},"excerpt":{"rendered":"<p>En ce d\u00e9but d&rsquo;ann\u00e9e, toute l&rsquo;\u00e9quipe de l&rsquo;association des Parents d&rsquo;\u00e9l\u00e8ves Ind\u00e9pendants de Colomiers vous adresse ses v\u0153ux les plus sinc\u00e8res de bonheur, de sant\u00e9 et de r\u00e9ussite. Meilleurs v\u0153ux pour cette nouvelle ann\u00e9e !<\/p>\n","protected":false},"author":33,"featured_media":10487,"comment_status":"closed","ping_status":"open","sticky":false,"template":"","format":"standard","meta":{"footnotes":""},"categories":[8,20],"tags":[32,21],"class_list":["post-10486","post","type-post","status-publish","format-standard","has-post-thumbnail","hentry","category-maternelle","category-primaire","tag-maternelle","tag-primaire"],"_links":{"self":[{"href":"https:\/\/www.api-colomiers.com\/heleneboucher\/wp-json\/wp\/v2\/posts\/10486","targetHints":{"allow":["GET"]}}],"collection":[{"href":"https:\/\/www.api-colomiers.com\/heleneboucher\/wp-json\/wp\/v2\/posts"}],"about":[{"href":"https:\/\/www.api-colomiers.com\/heleneboucher\/wp-json\/wp\/v2\/types\/post"}],"author":[{"embeddable":true,"href":"https:\/\/www.api-colomiers.com\/heleneboucher\/wp-json\/wp\/v2\/users\/33"}],"replies":[{"embeddable":true,"href":"https:\/\/www.api-colomiers.com\/heleneboucher\/wp-json\/wp\/v2\/comments?post=10486"}],"version-history":[{"count":3,"href":"https:\/\/www.api-colomiers.com\/heleneboucher\/wp-json\/wp\/v2\/posts\/10486\/revisions"}],"predecessor-version":[{"id":10490,"href":"https:\/\/www.api-colomiers.com\/heleneboucher\/wp-json\/wp\/v2\/posts\/10486\/revisions\/10490"}],"wp:featuredmedia":[{"embeddable":true,"href":"https:\/\/www.api-colomiers.com\/heleneboucher\/wp-json\/wp\/v2\/media\/10487"}],"wp:attachment":[{"href":"https:\/\/www.api-colomiers.com\/heleneboucher\/wp-json\/wp\/v2\/media?parent=10486"}],"wp:term":[{"taxonomy":"category","embeddable":true,"href":"https:\/\/www.api-colomiers.com\/heleneboucher\/wp-json\/wp\/v2\/categories?post=10486"},{"taxonomy":"post_tag","embeddable":true,"href":"https:\/\/www.api-colomiers.com\/heleneboucher\/wp-json\/wp\/v2\/tags?post=10486"}],"curies":[{"name":"wp","href":"https:\/\/api.w.org\/{rel}","templated":true}]}}