{"id":10397,"date":"2024-11-29T11:55:00","date_gmt":"2024-11-29T10:55:00","guid":{"rendered":"https:\/\/www.api-colomiers.com\/heleneboucher\/?p=10397"},"modified":"2024-11-29T11:55:00","modified_gmt":"2024-11-29T10:55:00","slug":"reservation-centre-de-loisirs-vacances-de-noel-2","status":"publish","type":"post","link":"https:\/\/www.api-colomiers.com\/heleneboucher\/reservation-centre-de-loisirs-vacances-de-noel-2\/","title":{"rendered":"R\u00e9servation Centre de Loisirs \u2013 Vacances de No\u00ebl"},"content":{"rendered":"\n<p>Les inscriptions au Centre de Loisirs du Cabirol<strong>\u00a0pour les vacances de No\u00ebl 2024<\/strong>\u00a0sont ouvertes\u00a0<strong>jusqu\u2019au 4 d\u00e9cembre 2024<\/strong>\u00a0sur le<strong>\u00a0<a rel=\"noreferrer noopener\" href=\"https:\/\/portailfamille-colomiers.ciril.net\/guard\/login\" target=\"_blank\">Portail Famille<\/a>.<\/strong><\/p>\n\n\n\n<div class=\"wp-block-media-text alignwide is-stacked-on-mobile\" style=\"grid-template-columns:42% auto\"><figure class=\"wp-block-media-text__media\"><img loading=\"lazy\" decoding=\"async\" width=\"452\" height=\"300\" src=\"https:\/\/www.api-colomiers.com\/heleneboucher\/wp-content\/uploads\/2024\/11\/Noel.jpg\" alt=\"\" class=\"wp-image-10401 size-full\" srcset=\"https:\/\/www.api-colomiers.com\/heleneboucher\/wp-content\/uploads\/2024\/11\/Noel.jpg 452w, https:\/\/www.api-colomiers.com\/heleneboucher\/wp-content\/uploads\/2024\/11\/Noel-300x199.jpg 300w\" sizes=\"auto, (max-width: 452px) 100vw, 452px\" \/><\/figure><div class=\"wp-block-media-text__content\">\n<p class=\"has-text-align-center\">Pendant les vacances de No\u00ebl :\u00a03 possibilit\u00e9s<\/p>\n\n\n\n<p class=\"has-text-align-center has-light-green-cyan-color has-text-color\"><strong>A la journ\u00e9e<\/strong>:\u00a0arriv\u00e9e entre 7h30 et 9h30 et d\u00e9part entre 16h30 et 18h30<\/p>\n\n\n\n<p class=\"has-text-align-center has-luminous-vivid-amber-color has-text-color\"><strong>La matin\u00e9e sans repas:<\/strong>&nbsp;arriv\u00e9e entre 7h30 et 9h30 et d\u00e9part entre 11h30 et 12h00<\/p>\n\n\n\n<p class=\"has-text-align-center has-vivid-purple-color has-text-color\"><strong>L\u2019apr\u00e8s-midi\u00a0sans repas:<\/strong>\u00a0arriv\u00e9e entre 13h30 et 14h et d\u00e9part entre 16h30 et 18h30<\/p>\n<\/div><\/div>\n\n\n\n<p class=\"has-text-align-center has-light-green-cyan-color has-text-color\">\u00a0<\/p>\n\n\n\n<hr class=\"wp-block-separator has-alpha-channel-opacity is-style-wide\"\/>\n\n\n\n<p class=\"has-text-align-center has-vivid-red-color has-text-color\"><strong>IMPORTANT&nbsp;<\/strong><\/p>\n\n\n\n<p class=\"has-text-align-center has-vivid-red-color has-text-color\"><strong>Mardi 24 et 31 d\u00e9cembre le Centre de Loisirs<\/strong><\/p>\n\n\n\n<p class=\"has-text-align-center has-vivid-red-color has-text-color\"><strong>FERMERA ses portes \u00e0 14h.<\/strong><\/p>\n\n\n\n<p class=\"has-text-align-center\">Pour ces 2 journ\u00e9es, la r\u00e9servation reste une saisie \u00e0 la journ\u00e9e si l&rsquo;enfant prend son repas et sinon une matin\u00e9e si l&rsquo;enfant part avant le repas.&nbsp;<\/p>\n\n\n\n<p class=\"has-text-align-center has-vivid-red-color has-text-color\"><strong>Attention:&nbsp;Seul le transport du matin sera assur\u00e9.<\/strong><\/p>\n\n\n\n<p class=\"has-text-align-center\">Retrouvez toutes les dates<strong>\u00a0<\/strong>et les documents dans la\u00a0<a rel=\"noreferrer noopener\" href=\"https:\/\/portailfamille-colomiers.ciril.net\/documents\" target=\"_blank\"><strong>Base Documentaire du Portail Famille<\/strong>.<\/a><\/p>\n","protected":false},"excerpt":{"rendered":"<p>Les inscriptions au Centre de Loisirs du Cabirol\u00a0pour les vacances de No\u00ebl 2024\u00a0sont ouvertes\u00a0jusqu\u2019au 4 d\u00e9cembre 2024\u00a0sur le\u00a0Portail Famille. Pendant les vacances de No\u00ebl :\u00a03 possibilit\u00e9s A la journ\u00e9e:\u00a0arriv\u00e9e entre 7h30 et 9h30 et d\u00e9part entre 16h30 et 18h30 La<\/p>\n","protected":false},"author":33,"featured_media":10401,"comment_status":"closed","ping_status":"open","sticky":false,"template":"","format":"standard","meta":{"footnotes":""},"categories":[44],"tags":[28,32,21],"class_list":["post-10397","post","type-post","status-publish","format-standard","has-post-thumbnail","hentry","category-centre-de-loisirs","tag-centre-de-loisirs","tag-maternelle","tag-primaire"],"_links":{"self":[{"href":"https:\/\/www.api-colomiers.com\/heleneboucher\/wp-json\/wp\/v2\/posts\/10397","targetHints":{"allow":["GET"]}}],"collection":[{"href":"https:\/\/www.api-colomiers.com\/heleneboucher\/wp-json\/wp\/v2\/posts"}],"about":[{"href":"https:\/\/www.api-colomiers.com\/heleneboucher\/wp-json\/wp\/v2\/types\/post"}],"author":[{"embeddable":true,"href":"https:\/\/www.api-colomiers.com\/heleneboucher\/wp-json\/wp\/v2\/users\/33"}],"replies":[{"embeddable":true,"href":"https:\/\/www.api-colomiers.com\/heleneboucher\/wp-json\/wp\/v2\/comments?post=10397"}],"version-history":[{"count":7,"href":"https:\/\/www.api-colomiers.com\/heleneboucher\/wp-json\/wp\/v2\/posts\/10397\/revisions"}],"predecessor-version":[{"id":10405,"href":"https:\/\/www.api-colomiers.com\/heleneboucher\/wp-json\/wp\/v2\/posts\/10397\/revisions\/10405"}],"wp:featuredmedia":[{"embeddable":true,"href":"https:\/\/www.api-colomiers.com\/heleneboucher\/wp-json\/wp\/v2\/media\/10401"}],"wp:attachment":[{"href":"https:\/\/www.api-colomiers.com\/heleneboucher\/wp-json\/wp\/v2\/media?parent=10397"}],"wp:term":[{"taxonomy":"category","embeddable":true,"href":"https:\/\/www.api-colomiers.com\/heleneboucher\/wp-json\/wp\/v2\/categories?post=10397"},{"taxonomy":"post_tag","embeddable":true,"href":"https:\/\/www.api-colomiers.com\/heleneboucher\/wp-json\/wp\/v2\/tags?post=10397"}],"curies":[{"name":"wp","href":"https:\/\/api.w.org\/{rel}","templated":true}]}}