{"id":10395,"date":"2024-11-29T11:33:59","date_gmt":"2024-11-29T10:33:59","guid":{"rendered":"https:\/\/www.api-colomiers.com\/heleneboucher\/?p=10395"},"modified":"2024-12-05T22:25:40","modified_gmt":"2024-12-05T21:25:40","slug":"infomairie-greve-alae-dans-les-etablissements-scolaire-2","status":"publish","type":"post","link":"https:\/\/www.api-colomiers.com\/heleneboucher\/infomairie-greve-alae-dans-les-etablissements-scolaire-2\/","title":{"rendered":"#InfoMairie Gr\u00e8ve dans les \u00e9tablissements scolaire"},"content":{"rendered":"\n<p>En raison d\u2019un pr\u00e9avis de gr\u00e8ve national pour la journ\u00e9e du&nbsp;<strong>jeudi 05 d\u00e9cembre 2024<\/strong>, l\u2019accueil sur le temps scolaire et ALAE sera perturb\u00e9 dans plusieurs \u00e9coles publiques voire ferm\u00e9, ainsi que leur restauration scolaire.<\/p>\n\n\n\n<p><img loading=\"lazy\" decoding=\"async\" height=\"16\" width=\"16\" src=\"https:\/\/static.xx.fbcdn.net\/images\/emoji.php\/v9\/tf\/2\/16\/2139.png\" alt=\"\u2139\ufe0f\">&nbsp;La liste compl\u00e8te des \u00e9coles et services concern\u00e9s est disponible sur le site Internet de la Ville de Colomiers :&nbsp;<a href=\"https:\/\/portailfamille-colomiers.ciril.net\/guard\/login\" target=\"_blank\" rel=\"noreferrer noopener\">https:\/\/portailfamille-colomiers.ciril.net<\/a><\/p>\n\n\n\n<p><strong>Information maternelle<\/strong>&nbsp;: <strong>Les \u00e9l\u00e8ves des classes de Mme Massarelli (PS rouge) et Mme Tougne (GS jaune)<\/strong> <strong>ne pourront pas \u00eatre accueillis ce jeudi 5 d\u00e9cembre 2024.<\/strong><\/p>\n\n\n\n<p><strong>L&rsquo;ALAE sera ferm\u00e9 toute la journ\u00e9e<\/strong> <\/p>\n\n\n\n<p>Les cours auront lieu normalement pour les autres classes<br>Rappel : les horaires des cours et d\u2019ouverture du portail :<br>Matin : portail ouvert de 8h20 \u00e0 8h30 \u2013&nbsp; fin des cours 11h30<br>Apr\u00e8s-midi : portail ouvert de 13h30 \u00e0 13h40 \u2013 fin des cours 16h.<\/p>\n\n\n\n<p><strong>Information \u00e9l\u00e9mentaire<\/strong>&nbsp;: <strong>Les \u00e9l\u00e8ves des classes de <strong>Mme Alquier-Bouffard (CE1-CE2), Mme Armaing \/ Mme Bouillon (CE2-CM1)<\/strong> et Mme Barret (UPE2A) ne pourront pas \u00eatre accueillis ce jeudi 5 d\u00e9cembre 2024.<\/strong><\/p>\n\n\n\n<p><strong>L&rsquo;ALAE sera ferm\u00e9 toute la journ\u00e9e<\/strong> <\/p>\n\n\n\n<p>Les cours auront lieu normalement pour les autres classes<br>Rappel : les horaires des cours et d\u2019ouverture du portail :<br>Matin : portail ouvert de 8h20 \u00e0 8h30 \u2013&nbsp; fin des cours 11h30<br>Apr\u00e8s-midi : portail ouvert de 13h35 \u00e0 13h45 \u2013 fin des cours 16h.<\/p>\n\n\n\n<figure class=\"wp-block-image size-large\"><a href=\"https:\/\/www.api-colomiers.com\/heleneboucher\/wp-content\/uploads\/2024\/12\/05-12-2024.png\"><img loading=\"lazy\" decoding=\"async\" width=\"1024\" height=\"716\" src=\"https:\/\/www.api-colomiers.com\/heleneboucher\/wp-content\/uploads\/2024\/12\/05-12-2024-1024x716.png\" alt=\"\" class=\"wp-image-10410\" srcset=\"https:\/\/www.api-colomiers.com\/heleneboucher\/wp-content\/uploads\/2024\/12\/05-12-2024-1024x716.png 1024w, https:\/\/www.api-colomiers.com\/heleneboucher\/wp-content\/uploads\/2024\/12\/05-12-2024-300x210.png 300w, https:\/\/www.api-colomiers.com\/heleneboucher\/wp-content\/uploads\/2024\/12\/05-12-2024-768x537.png 768w, https:\/\/www.api-colomiers.com\/heleneboucher\/wp-content\/uploads\/2024\/12\/05-12-2024.png 1117w\" sizes=\"auto, (max-width: 1024px) 100vw, 1024px\" \/><\/a><\/figure>\n","protected":false},"excerpt":{"rendered":"<p>En raison d\u2019un pr\u00e9avis de gr\u00e8ve national pour la journ\u00e9e du&nbsp;jeudi 05 d\u00e9cembre 2024, l\u2019accueil sur le temps scolaire et ALAE sera perturb\u00e9 dans plusieurs \u00e9coles publiques voire ferm\u00e9, ainsi que leur restauration scolaire. &nbsp;La liste compl\u00e8te des \u00e9coles et<\/p>\n","protected":false},"author":33,"featured_media":3623,"comment_status":"closed","ping_status":"open","sticky":false,"template":"","format":"standard","meta":{"footnotes":""},"categories":[35,50,52,8,20],"tags":[46,32,21],"class_list":["post-10395","post","type-post","status-publish","format-standard","has-post-thumbnail","hentry","category-alae","category-greve","category-mairie","category-maternelle","category-primaire","tag-greve","tag-maternelle","tag-primaire"],"_links":{"self":[{"href":"https:\/\/www.api-colomiers.com\/heleneboucher\/wp-json\/wp\/v2\/posts\/10395","targetHints":{"allow":["GET"]}}],"collection":[{"href":"https:\/\/www.api-colomiers.com\/heleneboucher\/wp-json\/wp\/v2\/posts"}],"about":[{"href":"https:\/\/www.api-colomiers.com\/heleneboucher\/wp-json\/wp\/v2\/types\/post"}],"author":[{"embeddable":true,"href":"https:\/\/www.api-colomiers.com\/heleneboucher\/wp-json\/wp\/v2\/users\/33"}],"replies":[{"embeddable":true,"href":"https:\/\/www.api-colomiers.com\/heleneboucher\/wp-json\/wp\/v2\/comments?post=10395"}],"version-history":[{"count":13,"href":"https:\/\/www.api-colomiers.com\/heleneboucher\/wp-json\/wp\/v2\/posts\/10395\/revisions"}],"predecessor-version":[{"id":10426,"href":"https:\/\/www.api-colomiers.com\/heleneboucher\/wp-json\/wp\/v2\/posts\/10395\/revisions\/10426"}],"wp:featuredmedia":[{"embeddable":true,"href":"https:\/\/www.api-colomiers.com\/heleneboucher\/wp-json\/wp\/v2\/media\/3623"}],"wp:attachment":[{"href":"https:\/\/www.api-colomiers.com\/heleneboucher\/wp-json\/wp\/v2\/media?parent=10395"}],"wp:term":[{"taxonomy":"category","embeddable":true,"href":"https:\/\/www.api-colomiers.com\/heleneboucher\/wp-json\/wp\/v2\/categories?post=10395"},{"taxonomy":"post_tag","embeddable":true,"href":"https:\/\/www.api-colomiers.com\/heleneboucher\/wp-json\/wp\/v2\/tags?post=10395"}],"curies":[{"name":"wp","href":"https:\/\/api.w.org\/{rel}","templated":true}]}}