{"id":10390,"date":"2024-11-29T11:31:50","date_gmt":"2024-11-29T10:31:50","guid":{"rendered":"https:\/\/www.api-colomiers.com\/heleneboucher\/?p=10390"},"modified":"2024-12-03T15:42:14","modified_gmt":"2024-12-03T14:42:14","slug":"infomairie-preavis-de-greve-alae-dans-les-etablissements-scolaire","status":"publish","type":"post","link":"https:\/\/www.api-colomiers.com\/heleneboucher\/infomairie-preavis-de-greve-alae-dans-les-etablissements-scolaire\/","title":{"rendered":"#InfoMairie Pr\u00e9avis de Gr\u00e8ve Alae dans les \u00e9tablissements scolaire"},"content":{"rendered":"\n<p class=\"has-text-align-left\">En raison d\u2019un pr\u00e9avis de gr\u00e8ve national pour la journ\u00e9e du&nbsp;<strong>jeudi 05 d\u00e9cembre 2024<\/strong>, l\u2019accueil sur le temps ALAE risque d\u00eatre perturb\u00e9 dans plusieurs \u00e9coles publiques voire ferm\u00e9, ainsi que leur restauration scolaire.<\/p>\n\n\n\n<p>Nous vous tiendrons inform\u00e9s d\u00e8s que nous aurons des informations plus pr\u00e9cises.<\/p>\n\n\n\n<figure class=\"wp-block-image\"><img loading=\"lazy\" decoding=\"async\" width=\"798\" height=\"556\" src=\"https:\/\/www.api-colomiers.com\/heleneboucher\/wp-content\/uploads\/2024\/11\/Preavis-Greve-05-12-2024.png\" alt=\"\" class=\"wp-image-10392\" srcset=\"https:\/\/www.api-colomiers.com\/heleneboucher\/wp-content\/uploads\/2024\/11\/Preavis-Greve-05-12-2024.png 798w, https:\/\/www.api-colomiers.com\/heleneboucher\/wp-content\/uploads\/2024\/11\/Preavis-Greve-05-12-2024-300x209.png 300w, https:\/\/www.api-colomiers.com\/heleneboucher\/wp-content\/uploads\/2024\/11\/Preavis-Greve-05-12-2024-768x535.png 768w\" sizes=\"auto, (max-width: 798px) 100vw, 798px\" \/><\/figure>\n","protected":false},"excerpt":{"rendered":"<p>En raison d\u2019un pr\u00e9avis de gr\u00e8ve national pour la journ\u00e9e du&nbsp;jeudi 05 d\u00e9cembre 2024, l\u2019accueil sur le temps ALAE risque d\u00eatre perturb\u00e9 dans plusieurs \u00e9coles publiques voire ferm\u00e9, ainsi que leur restauration scolaire. Nous vous tiendrons inform\u00e9s d\u00e8s que nous<\/p>\n","protected":false},"author":33,"featured_media":9783,"comment_status":"closed","ping_status":"open","sticky":false,"template":"","format":"standard","meta":{"footnotes":""},"categories":[35,50,52],"tags":[46,32,21],"class_list":["post-10390","post","type-post","status-publish","format-standard","has-post-thumbnail","hentry","category-alae","category-greve","category-mairie","tag-greve","tag-maternelle","tag-primaire"],"_links":{"self":[{"href":"https:\/\/www.api-colomiers.com\/heleneboucher\/wp-json\/wp\/v2\/posts\/10390","targetHints":{"allow":["GET"]}}],"collection":[{"href":"https:\/\/www.api-colomiers.com\/heleneboucher\/wp-json\/wp\/v2\/posts"}],"about":[{"href":"https:\/\/www.api-colomiers.com\/heleneboucher\/wp-json\/wp\/v2\/types\/post"}],"author":[{"embeddable":true,"href":"https:\/\/www.api-colomiers.com\/heleneboucher\/wp-json\/wp\/v2\/users\/33"}],"replies":[{"embeddable":true,"href":"https:\/\/www.api-colomiers.com\/heleneboucher\/wp-json\/wp\/v2\/comments?post=10390"}],"version-history":[{"count":4,"href":"https:\/\/www.api-colomiers.com\/heleneboucher\/wp-json\/wp\/v2\/posts\/10390\/revisions"}],"predecessor-version":[{"id":10409,"href":"https:\/\/www.api-colomiers.com\/heleneboucher\/wp-json\/wp\/v2\/posts\/10390\/revisions\/10409"}],"wp:featuredmedia":[{"embeddable":true,"href":"https:\/\/www.api-colomiers.com\/heleneboucher\/wp-json\/wp\/v2\/media\/9783"}],"wp:attachment":[{"href":"https:\/\/www.api-colomiers.com\/heleneboucher\/wp-json\/wp\/v2\/media?parent=10390"}],"wp:term":[{"taxonomy":"category","embeddable":true,"href":"https:\/\/www.api-colomiers.com\/heleneboucher\/wp-json\/wp\/v2\/categories?post=10390"},{"taxonomy":"post_tag","embeddable":true,"href":"https:\/\/www.api-colomiers.com\/heleneboucher\/wp-json\/wp\/v2\/tags?post=10390"}],"curies":[{"name":"wp","href":"https:\/\/api.w.org\/{rel}","templated":true}]}}