{"id":10173,"date":"2024-05-21T21:33:01","date_gmt":"2024-05-21T19:33:01","guid":{"rendered":"https:\/\/www.api-colomiers.com\/heleneboucher\/?p=10173"},"modified":"2024-05-21T21:33:02","modified_gmt":"2024-05-21T19:33:02","slug":"vendredi-24-mai-parents-enfants-on-releve-le-defi-de-venir-nombreux-a-velo-en-trottinette-a-pied-a-lecole-elementaire-helene-boucher","status":"publish","type":"post","link":"https:\/\/www.api-colomiers.com\/heleneboucher\/vendredi-24-mai-parents-enfants-on-releve-le-defi-de-venir-nombreux-a-velo-en-trottinette-a-pied-a-lecole-elementaire-helene-boucher\/","title":{"rendered":"Vendredi 24 mai : parents, enfants, on rel\u00e8ve le d\u00e9fi de venir NOMBREUX \u00e0 v\u00e9lo, en trottinette, \u00e0 pied \u00e0 l\u2019\u00e9cole \u00e9l\u00e9mentaire H\u00e9l\u00e8ne Boucher\u2026"},"content":{"rendered":"\n<p><strong>2\u00e8me \u00e9dition du d\u00e9fi AYAV, c&rsquo;est ce vendredi 24 mai  \u00e0 l\u2019\u00e9cole H\u00e9l\u00e8ne Boucher \u00e9l\u00e9mentaire.<br>Venez NOMBREUX relever le d\u00e9fi de venir en v\u00e9lo, en trottinette, \u00e0 pied\u2026<\/strong><\/p>\n\n\n\n<p>C\u2019est l\u2019occasion d\u2019essayer une autre mani\u00e8re de venir \u00e0 l\u2019\u00e9cole, et l\u2019essayer c\u2019est l\u2019adopter :-).<\/p>\n\n\n\n<p>Une grande carte sera \u00e9galement mise \u00e0 disposition ce jour l\u00e0\u00a0pour que vous puissiez indiquer les passages difficiles ou int\u00e9ressants \u00e0 emprunter de mani\u00e8re \u00e0 pouvoir capitaliser vos retours.<\/p>\n\n\n\n<div class=\"wp-block-media-text alignwide is-stacked-on-mobile\" style=\"grid-template-columns:15% auto\"><figure class=\"wp-block-media-text__media\"><img loading=\"lazy\" decoding=\"async\" width=\"512\" height=\"512\" src=\"https:\/\/www.api-colomiers.com\/heleneboucher\/wp-content\/uploads\/2023\/06\/1653630.png\" alt=\"\" class=\"wp-image-9883 size-full\" srcset=\"https:\/\/www.api-colomiers.com\/heleneboucher\/wp-content\/uploads\/2023\/06\/1653630.png 512w, https:\/\/www.api-colomiers.com\/heleneboucher\/wp-content\/uploads\/2023\/06\/1653630-300x300.png 300w, https:\/\/www.api-colomiers.com\/heleneboucher\/wp-content\/uploads\/2023\/06\/1653630-150x150.png 150w, https:\/\/www.api-colomiers.com\/heleneboucher\/wp-content\/uploads\/2023\/06\/1653630-270x270.png 270w, https:\/\/www.api-colomiers.com\/heleneboucher\/wp-content\/uploads\/2023\/06\/1653630-230x230.png 230w\" sizes=\"auto, (max-width: 512px) 100vw, 512px\" \/><\/figure><div class=\"wp-block-media-text__content\">\n<p><strong>Et n\u2019h\u00e9sitez pas \u00e0 remplir les quelques questions au lien ci-dessous pour nous faire un retour sur l\u2019\u00e9v\u00e8nement, vos difficult\u00e9s rencontr\u00e9es pour venir ou vos propositions \u00e0 relever ce d\u00e9fi :<\/strong>\u00a0<a href=\"https:\/\/urlz.fr\/m48n\">https:\/\/urlz.fr\/m48n<\/a><\/p>\n<\/div><\/div>\n\n\n\n<p>Pour l\u2019occasion, retrouvez toutes les informations sur la\u00a0<a href=\"https:\/\/www.ville-colomiers.fr\/mon-quotidien\/transports\/le-reseau-cyclable-et-pedestre-de-colomiers-450.html\" target=\"_blank\" rel=\"noreferrer noopener\">page de la ville de Colomiers<\/a>\u00a0sur le r\u00e9seau cyclable et p\u00e9destre avec\u00a0<a href=\"https:\/\/www.ville-colomiers.fr\/ma-ville\/transition-socio-ecologique\/ecomobilite\/ecomobilite-scolaire-1867.html\" target=\"_blank\" rel=\"noreferrer noopener\">des cartes p\u00e9dagogiques d\u00e9clin\u00e9es par \u00e9cole, faisant apparaitre les distances-temps de 500 m \u2013 8 mn \u00e0 pied ; 1 km \u2013 10 min \u00e0 pied ou 5 min \u00e0 v\u00e9lo ; 1,5 km \u2013 8 min \u00e0 v\u00e9lo<\/a><\/p>\n\n\n\n<p>Vous trouverez aussi \u00e0 partir de cette page les informations relatives aux \u00ab&nbsp;p\u00e9dibus&nbsp;\u00bb destin\u00e9es aux parents qui ont envie d\u2019agir, en partenariat avec Toulouse M\u00e9tropole qui anime la d\u00e9marche&nbsp;Vous trouverez \u00e9galement :&nbsp;<a href=\"https:\/\/www.ville-colomiers.fr\/ma-ville\/transition-socio-ecologique\/ecomobilite\/ecomobilite-scolaire-1867.html\">Pedibus<\/a><\/p>\n\n\n\n<p>et deux autres liens utiles :<\/p>\n\n\n\n<ul class=\"wp-block-list\">\n<li><a href=\"https:\/\/www.service-public.fr\/particuliers\/actualites\/A14331\" target=\"_blank\" rel=\"noreferrer noopener\">Circuler \u00e0 v\u00e9lo : tout ce que vous devez savoir<\/a><\/li>\n\n\n\n<li><a href=\"https:\/\/www.securite-routiere.gouv.fr\/reglementation-liee-aux-modes-de-deplacements\/velo\/equipements-obligatoires-velo\" target=\"_blank\" rel=\"noreferrer noopener\">V\u00e9lo : Les \u00e9quipements obligatoires et conseil pour s\u2019\u00e9quiper<\/a><\/li>\n<\/ul>\n\n\n\n<p>Ev\u00e9nement organis\u00e9 par l\u2019association des parents d\u2019\u00e9l\u00e8ves API H\u00e9l\u00e8ne Boucher, les \u00e9quipes ALAE et enseignante ainsi que le support de la ville de Colomiers.<\/p>\n\n\n\n<p><strong>Nous restons disponibles pour toutes questions ou remarques :\u00a0<a href=\"mailto:api.heleneboucher@gmail.com\" target=\"_blank\" rel=\"noreferrer noopener\">api.heleneboucher@gmail.com<\/a><\/strong><\/p>\n\n\n\n<figure class=\"wp-block-image size-full\"><a href=\"https:\/\/www.api-colomiers.com\/heleneboucher\/wp-content\/uploads\/2024\/05\/affiche_AYAV_APIHB_2024.png\"><img loading=\"lazy\" decoding=\"async\" width=\"708\" height=\"1000\" src=\"https:\/\/www.api-colomiers.com\/heleneboucher\/wp-content\/uploads\/2024\/05\/affiche_AYAV_APIHB_2024.png\" alt=\"\" class=\"wp-image-10174\" srcset=\"https:\/\/www.api-colomiers.com\/heleneboucher\/wp-content\/uploads\/2024\/05\/affiche_AYAV_APIHB_2024.png 708w, https:\/\/www.api-colomiers.com\/heleneboucher\/wp-content\/uploads\/2024\/05\/affiche_AYAV_APIHB_2024-212x300.png 212w\" sizes=\"auto, (max-width: 708px) 100vw, 708px\" \/><\/a><\/figure>\n","protected":false},"excerpt":{"rendered":"<p>2\u00e8me \u00e9dition du d\u00e9fi AYAV, c&rsquo;est ce vendredi 24 mai \u00e0 l\u2019\u00e9cole H\u00e9l\u00e8ne Boucher \u00e9l\u00e9mentaire.Venez NOMBREUX relever le d\u00e9fi de venir en v\u00e9lo, en trottinette, \u00e0 pied\u2026 C\u2019est l\u2019occasion d\u2019essayer une autre mani\u00e8re de venir \u00e0 l\u2019\u00e9cole, et l\u2019essayer c\u2019est<\/p>\n","protected":false},"author":2,"featured_media":0,"comment_status":"closed","ping_status":"open","sticky":false,"template":"","format":"standard","meta":{"footnotes":""},"categories":[15,20],"tags":[],"class_list":["post-10173","post","type-post","status-publish","format-standard","hentry","category-actions-pe","category-primaire"],"_links":{"self":[{"href":"https:\/\/www.api-colomiers.com\/heleneboucher\/wp-json\/wp\/v2\/posts\/10173","targetHints":{"allow":["GET"]}}],"collection":[{"href":"https:\/\/www.api-colomiers.com\/heleneboucher\/wp-json\/wp\/v2\/posts"}],"about":[{"href":"https:\/\/www.api-colomiers.com\/heleneboucher\/wp-json\/wp\/v2\/types\/post"}],"author":[{"embeddable":true,"href":"https:\/\/www.api-colomiers.com\/heleneboucher\/wp-json\/wp\/v2\/users\/2"}],"replies":[{"embeddable":true,"href":"https:\/\/www.api-colomiers.com\/heleneboucher\/wp-json\/wp\/v2\/comments?post=10173"}],"version-history":[{"count":1,"href":"https:\/\/www.api-colomiers.com\/heleneboucher\/wp-json\/wp\/v2\/posts\/10173\/revisions"}],"predecessor-version":[{"id":10177,"href":"https:\/\/www.api-colomiers.com\/heleneboucher\/wp-json\/wp\/v2\/posts\/10173\/revisions\/10177"}],"wp:attachment":[{"href":"https:\/\/www.api-colomiers.com\/heleneboucher\/wp-json\/wp\/v2\/media?parent=10173"}],"wp:term":[{"taxonomy":"category","embeddable":true,"href":"https:\/\/www.api-colomiers.com\/heleneboucher\/wp-json\/wp\/v2\/categories?post=10173"},{"taxonomy":"post_tag","embeddable":true,"href":"https:\/\/www.api-colomiers.com\/heleneboucher\/wp-json\/wp\/v2\/tags?post=10173"}],"curies":[{"name":"wp","href":"https:\/\/api.w.org\/{rel}","templated":true}]}}