{"id":10158,"date":"2024-05-15T15:24:04","date_gmt":"2024-05-15T13:24:04","guid":{"rendered":"https:\/\/www.api-colomiers.com\/heleneboucher\/?p=10158"},"modified":"2024-05-15T15:33:10","modified_gmt":"2024-05-15T13:33:10","slug":"infomairie-greve-dans-les-etablissements-scolaire-2","status":"publish","type":"post","link":"https:\/\/www.api-colomiers.com\/heleneboucher\/infomairie-greve-dans-les-etablissements-scolaire-2\/","title":{"rendered":"#InfoMairie Gr\u00e8ve dans les \u00e9tablissements scolaire"},"content":{"rendered":"\n<p>En raison d\u2019un pr\u00e9avis de gr\u00e8ve national pour la journ\u00e9e du <strong>vendredi 17 mai 2024<\/strong>, l\u2019accueil dans plusieurs \u00e9coles publiques sera perturb\u00e9 voire ferm\u00e9, ainsi que leur restauration scolaire et les bus de ramassage.<\/p>\n\n\n\n<p><img loading=\"lazy\" decoding=\"async\" height=\"16\" width=\"16\" src=\"https:\/\/static.xx.fbcdn.net\/images\/emoji.php\/v9\/tf\/2\/16\/2139.png\" alt=\"\u2139\ufe0f\"> La liste compl\u00e8te des \u00e9coles et services concern\u00e9s est disponible sur le site Internet de la Ville de Colomiers : <a rel=\"noreferrer noopener\" href=\"https:\/\/urlz.fr\/pNdc?fbclid=IwAR2F66v2-5qotxcX3g1TrAYxfd4LLu1BLsQ-Zwsa2PryrSKeQ6PrKN0FCNQ\" target=\"_blank\">https:\/\/urlz.fr\/pNdc<\/a><\/p>\n\n\n\n<p class=\"has-vivid-purple-color has-text-color\"><strong>Information maternelle<\/strong> : <\/p>\n\n\n\n<p>les cours auront lieu normalement.<br>Rappel les horaires des cours et d&rsquo;ouverture du portail :<br>matin : portail ouvert de 8h20 \u00e0 8h30 &#8211;&nbsp; fin des cours 11h30<br>apr\u00e8s-midi : portail ouvert de 13h30 \u00e0 13h40 &#8211; fin des cours 16h.<\/p>\n\n\n\n<p class=\"has-vivid-purple-color has-text-color\"><strong>Information \u00e9l\u00e9mentaire<\/strong> : <\/p>\n\n\n\n<p>les cours auront lieu normalement.<br>Rappel les horaires des cours et d&rsquo;ouverture du portail :<br>matin : portail ouvert de 8h20 \u00e0 8h30 &#8211;&nbsp; fin des cours 11h30<br>apr\u00e8s-midi : portail ouvert de 13h35 \u00e0 13h45 &#8211; fin des cours 16h.<\/p>\n\n\n\n<figure class=\"wp-block-image alignleft size-full is-style-default\"><a href=\"https:\/\/www.api-colomiers.com\/heleneboucher\/wp-content\/uploads\/2024\/05\/image.png\"><img loading=\"lazy\" decoding=\"async\" width=\"1162\" height=\"923\" src=\"https:\/\/www.api-colomiers.com\/heleneboucher\/wp-content\/uploads\/2024\/05\/image.png\" alt=\"\" class=\"wp-image-10159\" srcset=\"https:\/\/www.api-colomiers.com\/heleneboucher\/wp-content\/uploads\/2024\/05\/image.png 1162w, https:\/\/www.api-colomiers.com\/heleneboucher\/wp-content\/uploads\/2024\/05\/image-300x238.png 300w, https:\/\/www.api-colomiers.com\/heleneboucher\/wp-content\/uploads\/2024\/05\/image-1024x813.png 1024w, https:\/\/www.api-colomiers.com\/heleneboucher\/wp-content\/uploads\/2024\/05\/image-768x610.png 768w\" sizes=\"auto, (max-width: 1162px) 100vw, 1162px\" \/><\/a><\/figure>\n","protected":false},"excerpt":{"rendered":"<p>En raison d\u2019un pr\u00e9avis de gr\u00e8ve national pour la journ\u00e9e du vendredi 17 mai 2024, l\u2019accueil dans plusieurs \u00e9coles publiques sera perturb\u00e9 voire ferm\u00e9, ainsi que leur restauration scolaire et les bus de ramassage. La liste compl\u00e8te des \u00e9coles et<\/p>\n","protected":false},"author":33,"featured_media":0,"comment_status":"closed","ping_status":"open","sticky":false,"template":"","format":"standard","meta":{"footnotes":""},"categories":[35,8,20],"tags":[46],"class_list":["post-10158","post","type-post","status-publish","format-standard","hentry","category-alae","category-maternelle","category-primaire","tag-greve"],"_links":{"self":[{"href":"https:\/\/www.api-colomiers.com\/heleneboucher\/wp-json\/wp\/v2\/posts\/10158","targetHints":{"allow":["GET"]}}],"collection":[{"href":"https:\/\/www.api-colomiers.com\/heleneboucher\/wp-json\/wp\/v2\/posts"}],"about":[{"href":"https:\/\/www.api-colomiers.com\/heleneboucher\/wp-json\/wp\/v2\/types\/post"}],"author":[{"embeddable":true,"href":"https:\/\/www.api-colomiers.com\/heleneboucher\/wp-json\/wp\/v2\/users\/33"}],"replies":[{"embeddable":true,"href":"https:\/\/www.api-colomiers.com\/heleneboucher\/wp-json\/wp\/v2\/comments?post=10158"}],"version-history":[{"count":3,"href":"https:\/\/www.api-colomiers.com\/heleneboucher\/wp-json\/wp\/v2\/posts\/10158\/revisions"}],"predecessor-version":[{"id":10162,"href":"https:\/\/www.api-colomiers.com\/heleneboucher\/wp-json\/wp\/v2\/posts\/10158\/revisions\/10162"}],"wp:attachment":[{"href":"https:\/\/www.api-colomiers.com\/heleneboucher\/wp-json\/wp\/v2\/media?parent=10158"}],"wp:term":[{"taxonomy":"category","embeddable":true,"href":"https:\/\/www.api-colomiers.com\/heleneboucher\/wp-json\/wp\/v2\/categories?post=10158"},{"taxonomy":"post_tag","embeddable":true,"href":"https:\/\/www.api-colomiers.com\/heleneboucher\/wp-json\/wp\/v2\/tags?post=10158"}],"curies":[{"name":"wp","href":"https:\/\/api.w.org\/{rel}","templated":true}]}}