{"id":10029,"date":"2023-10-21T14:30:25","date_gmt":"2023-10-21T12:30:25","guid":{"rendered":"https:\/\/www.api-colomiers.com\/heleneboucher\/?p=10029"},"modified":"2023-12-06T22:07:16","modified_gmt":"2023-12-06T21:07:16","slug":"comptes-rendus-conseil-decole-elementaire-octobre-2023","status":"publish","type":"post","link":"https:\/\/www.api-colomiers.com\/heleneboucher\/comptes-rendus-conseil-decole-elementaire-octobre-2023\/","title":{"rendered":"Compte-rendu Conseil d\u2019\u00e9cole \u00e9l\u00e9mentaire \u2013 Octobre 2023"},"content":{"rendered":"\n<div class=\"wp-block-media-text alignwide is-stacked-on-mobile\" style=\"grid-template-columns:22% auto\"><figure class=\"wp-block-media-text__media\"><img loading=\"lazy\" decoding=\"async\" width=\"300\" height=\"290\" src=\"https:\/\/www.api-colomiers.com\/heleneboucher\/wp-content\/uploads\/2021\/05\/conseil_ecole.jpg\" alt=\"\" class=\"wp-image-7557 size-full\"\/><\/figure><div class=\"wp-block-media-text__content\">\n<p><strong>Le 1er Conseil d\u2019\u00e9cole \u00e9l\u00e9mentaire a eu lieu ce mardi 17 octobre, voici le comptes-rendu :<\/strong><\/p>\n\n\n\n<p>R\u00e8glement de l&rsquo;\u00e9cole, effectif et organisation de l&rsquo;\u00e9cole, s\u00e9curit\u00e9, projets p\u00e9dagogiques scolaires et ALAE&nbsp;<a rel=\"noreferrer noopener\" href=\"https:\/\/www.api-colomiers.com\/heleneboucher\/?p=9868\" target=\"_blank\">travaux pour projet isolation et v\u00e9g\u00e9talisation de l\u2019\u00e9tablissement<\/a>, actions pour la coop\u00e9rative scolaire,\u2026<\/p>\n\n\n\n<p><strong><mark><mark style=\"background-color:#ffffff\" class=\"has-inline-color has-vivid-cyan-blue-color\">Des questions, des propositions, n\u2019h\u00e9sitez pas \u00e0 nous contacter ou tout simplement rejoindre l\u2019\u00e9quipe des parents API<\/mark><\/mark><\/strong><\/p>\n\n\n\n<p><a rel=\"noreferrer noopener\" href=\"https:\/\/www.api-colomiers.com\/heleneboucher\/?page_id=23\" target=\"_blank\"><a rel=\"noreferrer noopener\" href=\"https:\/\/www.api-colomiers.com\/heleneboucher\/?page_id=102\" target=\"_blank\">PV CE El\u00e9mentaire 17 octobre 2023<\/a><\/a><\/p>\n\n\n\n<p><strong><mark><mark style=\"background-color:rgba(0, 0, 0, 0)\" class=\"has-inline-color has-luminous-vivid-orange-color\">A NOTER que le conseil d&rsquo;\u00e9cole maternelle a \u00e9t\u00e9 report\u00e9 au 9 novembre 2023<\/mark><\/mark><\/strong><\/p>\n<\/div><\/div>\n","protected":false},"excerpt":{"rendered":"<p>Le 1er Conseil d\u2019\u00e9cole \u00e9l\u00e9mentaire a eu lieu ce mardi 17 octobre, voici le comptes-rendu : R\u00e8glement de l&rsquo;\u00e9cole, effectif et organisation de l&rsquo;\u00e9cole, s\u00e9curit\u00e9, projets p\u00e9dagogiques scolaires et ALAE&nbsp;travaux pour projet isolation et v\u00e9g\u00e9talisation de l\u2019\u00e9tablissement, actions pour la<\/p>\n","protected":false},"author":2,"featured_media":0,"comment_status":"closed","ping_status":"open","sticky":false,"template":"","format":"standard","meta":{"footnotes":""},"categories":[36,20],"tags":[],"class_list":["post-10029","post","type-post","status-publish","format-standard","hentry","category-conseils-de-parents","category-primaire"],"_links":{"self":[{"href":"https:\/\/www.api-colomiers.com\/heleneboucher\/wp-json\/wp\/v2\/posts\/10029","targetHints":{"allow":["GET"]}}],"collection":[{"href":"https:\/\/www.api-colomiers.com\/heleneboucher\/wp-json\/wp\/v2\/posts"}],"about":[{"href":"https:\/\/www.api-colomiers.com\/heleneboucher\/wp-json\/wp\/v2\/types\/post"}],"author":[{"embeddable":true,"href":"https:\/\/www.api-colomiers.com\/heleneboucher\/wp-json\/wp\/v2\/users\/2"}],"replies":[{"embeddable":true,"href":"https:\/\/www.api-colomiers.com\/heleneboucher\/wp-json\/wp\/v2\/comments?post=10029"}],"version-history":[{"count":5,"href":"https:\/\/www.api-colomiers.com\/heleneboucher\/wp-json\/wp\/v2\/posts\/10029\/revisions"}],"predecessor-version":[{"id":10376,"href":"https:\/\/www.api-colomiers.com\/heleneboucher\/wp-json\/wp\/v2\/posts\/10029\/revisions\/10376"}],"wp:attachment":[{"href":"https:\/\/www.api-colomiers.com\/heleneboucher\/wp-json\/wp\/v2\/media?parent=10029"}],"wp:term":[{"taxonomy":"category","embeddable":true,"href":"https:\/\/www.api-colomiers.com\/heleneboucher\/wp-json\/wp\/v2\/categories?post=10029"},{"taxonomy":"post_tag","embeddable":true,"href":"https:\/\/www.api-colomiers.com\/heleneboucher\/wp-json\/wp\/v2\/tags?post=10029"}],"curies":[{"name":"wp","href":"https:\/\/api.w.org\/{rel}","templated":true}]}}